{"id":1952,"date":"2018-01-07T18:37:46","date_gmt":"2018-01-07T17:37:46","guid":{"rendered":"http:\/\/www.bucjudo.fr\/?p=1952"},"modified":"2018-01-07T18:37:46","modified_gmt":"2018-01-07T17:37:46","slug":"invitation-tournoi-mesnil-st-denis-21-janv","status":"publish","type":"post","link":"https:\/\/www.bucjudo.fr\/?p=1952","title":{"rendered":"Invitation Tournoi Mesnil St Denis 21 Janv"},"content":{"rendered":"<p>Bonjour \u00e0 tous,<\/p>\n<p>Quoi de mieux pour bien commencer l&#8217;ann\u00e9e que de r\u00e9pondre pr\u00e9sent \u00e0 l&#8217;invitation de nos amis du Mesnil St Denis qui convient les Pr\u00e9-Poussins (n\u00e9s en 2010 et 2011) et les Poussins (n\u00e9 en 2008 et 2009) \u00e0 participer \u00e0 ce tournoi amical la 21 Janvier aux horaires suivantes :<\/p>\n<table style=\"width: 70%; margin-left: 15%; margin-right: 15%;\">\n<tbody>\n<tr>\n<td width=\"154\"><strong>\u00a0<\/strong><\/td>\n<td width=\"154\"><strong>Horaire de pes\u00e9e\u00a0<\/strong><\/td>\n<td width=\"154\"><strong>Horaire de combat\u00a0<\/strong><\/td>\n<\/tr>\n<tr>\n<td width=\"154\">Pr\u00e9-poussins (10-11)<\/td>\n<td width=\"154\">10h \u00e0 10h30<\/td>\n<td width=\"154\">10h30<\/td>\n<\/tr>\n<tr>\n<td width=\"154\">Poussins (08-09)<\/td>\n<td width=\"154\">13h30 \u00e0 14h<\/td>\n<td width=\"154\">14h<\/td>\n<\/tr>\n<\/tbody>\n<\/table>\n<p>La rencontre aura lieu au Gymnase du Mesnil St-Denis,\u00a04 avenue de Breteuil,\u00a078320 LE MESNIL-ST-DENIS.<\/p>\n<p>Merci de vous inscrire aupr\u00e8s de Pascal avec ce document : \u00a0<a href=\"https:\/\/www.bucjudo.fr\/wp-content\/uploads\/2018\/01\/Tournoi-du-Mesnil-St-Denis.pdf\">Invitation &#8211; Coupon r\u00e9ponse Tournoi du Mesnil St Denis<\/a>.<\/p>\n<p>Romain<\/p>\n","protected":false},"excerpt":{"rendered":"<p>Bonjour \u00e0 tous, Quoi de mieux pour bien commencer l&#8217;ann\u00e9e que de r\u00e9pondre pr\u00e9sent \u00e0 l&#8217;invitation de nos amis du Mesnil St Denis qui convient les Pr\u00e9-Poussins (n\u00e9s en 2010 et 2011) et les Poussins (n\u00e9 en 2008 et 2009) \u00e0 participer \u00e0 ce tournoi amical la 21 Janvier aux horaires suivantes : \u00a0 Horaire&hellip;&nbsp;<a href=\"https:\/\/www.bucjudo.fr\/?p=1952\" rel=\"bookmark\"><span class=\"screen-reader-text\">Invitation Tournoi Mesnil St Denis 21 Janv<\/span><\/a><\/p>\n","protected":false},"author":6,"featured_media":0,"comment_status":"closed","ping_status":"closed","sticky":false,"template":"","format":"standard","meta":{"_s2mail":"yes","neve_meta_sidebar":"","neve_meta_container":"","neve_meta_enable_content_width":"","neve_meta_content_width":0,"neve_meta_title_alignment":"","neve_meta_author_avatar":"","neve_post_elements_order":"","neve_meta_disable_header":"","neve_meta_disable_footer":"","neve_meta_disable_title":"","_themeisle_gutenberg_block_has_review":false,"footnotes":""},"categories":[12],"tags":[],"class_list":["post-1952","post","type-post","status-publish","format-standard","hentry","category-competitons"],"jetpack_featured_media_url":"","_links":{"self":[{"href":"https:\/\/www.bucjudo.fr\/index.php?rest_route=\/wp\/v2\/posts\/1952","targetHints":{"allow":["GET"]}}],"collection":[{"href":"https:\/\/www.bucjudo.fr\/index.php?rest_route=\/wp\/v2\/posts"}],"about":[{"href":"https:\/\/www.bucjudo.fr\/index.php?rest_route=\/wp\/v2\/types\/post"}],"author":[{"embeddable":true,"href":"https:\/\/www.bucjudo.fr\/index.php?rest_route=\/wp\/v2\/users\/6"}],"replies":[{"embeddable":true,"href":"https:\/\/www.bucjudo.fr\/index.php?rest_route=%2Fwp%2Fv2%2Fcomments&post=1952"}],"version-history":[{"count":1,"href":"https:\/\/www.bucjudo.fr\/index.php?rest_route=\/wp\/v2\/posts\/1952\/revisions"}],"predecessor-version":[{"id":1954,"href":"https:\/\/www.bucjudo.fr\/index.php?rest_route=\/wp\/v2\/posts\/1952\/revisions\/1954"}],"wp:attachment":[{"href":"https:\/\/www.bucjudo.fr\/index.php?rest_route=%2Fwp%2Fv2%2Fmedia&parent=1952"}],"wp:term":[{"taxonomy":"category","embeddable":true,"href":"https:\/\/www.bucjudo.fr\/index.php?rest_route=%2Fwp%2Fv2%2Fcategories&post=1952"},{"taxonomy":"post_tag","embeddable":true,"href":"https:\/\/www.bucjudo.fr\/index.php?rest_route=%2Fwp%2Fv2%2Ftags&post=1952"}],"curies":[{"name":"wp","href":"https:\/\/api.w.org\/{rel}","templated":true}]}}