{"id":196,"date":"2013-03-05T12:22:51","date_gmt":"2013-03-05T11:22:51","guid":{"rendered":"http:\/\/www.bucjudo.fr\/?p=196"},"modified":"2014-03-19T22:47:46","modified_gmt":"2014-03-19T21:47:46","slug":"andre-prieto","status":"publish","type":"post","link":"https:\/\/www.bucjudo.fr\/?p=196","title":{"rendered":"Andr\u00e9 Pri\u00e9to"},"content":{"rendered":"<p style=\"text-align: justify;\">Un homme de bien pour le Judo et pour les Bucois.<\/p>\n<p style=\"text-align: justify;\">La disparition d\u2019Andr\u00e9 Pri\u00e9to aux premiers jours de Mars a r\u00e9veill\u00e9 souvenirs et r\u00e9flexions pour le petit judoka que j\u2019ai \u00e9t\u00e9 aupr\u00e8s de lui, pour son successeur que je suis aujourd\u2019hui sur le tatami et pour son disciple que je serai toujours, tellement ses enseignements au dojo comme en dehors me sont r\u00e9f\u00e9rences lorsque je me questionne, perdu dans des consid\u00e9rations hasardeuses et souvent trompeuses\u2026 Mais rappelons d\u2019abord qui fut Andr\u00e9 Pri\u00e9to.<\/p>\n<p style=\"text-align: justify;\">Aujourd&#8217;hui disparait un &#8220;Monsieur&#8221; qu&#8217;un grand nombre de Bucois ont crois\u00e9 sur le tatami. C&#8217;est au milieu des ann\u00e9es 60 et en marge d\u2019un travail dans la construction, qu&#8217;Andr\u00e9 Pri\u00e9to<br \/>\npropose aux Bucois de pratiquer le JUDO. Ceinture noire, il est issu du cercle restreint des Judokas Parisiens, pionniers Fran\u00e7ais de notre pratique. Disciple des grands ma\u00eetres Japonais, il souhaite diffuser ce sport nouveau qui fait son entr\u00e9e aux Jeux Olympiques en 1964. C&#8217;est jusqu&#8217;au milieu des ann\u00e9es 90 qu&#8217;il va enseigner le Judo et ses valeurs, formant des centaines de judokas et un nombre important de ceintures noires. Il a accompagn\u00e9 notre discipline, l&#8217;a prot\u00e9g\u00e9e lorsque les &#8220;tout comp\u00e9tition&#8221; voulaient s&#8217;en emparer, l&#8217;a faite \u00e9voluer vers sa pratique moderne dans le maintien des valeurs auxquelles il croyait. Ces valeurs \u00e9taient associ\u00e9es \u00e0 des Maitres Japonais venus, apr\u00e8s la seconde guerre mondiale, diffuser le Judo en Europe. Avec Andr\u00e9 Pri\u00e9to, nous appartenions \u00e0 l\u2019Acad\u00e9mie Michigami. Le Maitre Michigami Haku faisait autorit\u00e9 sur les principes fondamentaux de notre art martial. Andr\u00e9 Pri\u00e9to l\u2019\u00e9coutait et le respectait avec bien d\u2019autres, mais son but \u00e9tait moins de sceller la grandeur d\u2019un Ma\u00eetre que d\u2019en conserver, propager et transmettre l\u2019enseignement. Il savait combien notre sport s\u2019inscrivait entre tradition et modernit\u00e9 et c\u2019est \u00e0 partir de cette base solide de principes et d\u2019objectifs philosophiques qu\u2019il voulait accompagner notre pratique vers l\u2019exercice physique et mental parfaitement structur\u00e9 que nous connaissons aujourd\u2019hui. Homme de convictions, il souhaitait construire et s\u2019associer pour le d\u00e9veloppement, l\u2019\u00e9mancipation de tous. Combien de fois m\u2019a-t-il r\u00e9p\u00e9t\u00e9 que le kimono s\u2019affranchie des couches sociales. Sur le tatami, disait \u2018il, m\u00e9decin, policier, ing\u00e9nieur ou ouvrier : nous sommes tous Judokas ! Parfois, malgr\u00e9 ses requ\u00eates, les conditions propos\u00e9es par la municipalit\u00e9 ne convenaient pas \u00e0 une pratique sereine du Judo. Et nous quittions un gymnase du Pr\u00e9 Saint Jean encore neuf pour rejoindre une \u00e9table au fond d\u2019une cour de la rue Jean Jaur\u00e8s. Mais les hommes de bien sont condamn\u00e9s \u00e0 se comprendre et se rassembler pour \u0153uvrer au progr\u00e8s de tous. Aussi rejoignons-nous bient\u00f4t l\u2019A.O.BUC pour travailler tous ensemble \u00e0 donner aux sportifs Bucois les meilleures conditions pour leur pratique. Lorsqu\u2019en 1995, il a souhait\u00e9 que je reprenne les r\u00eanes du club, c\u2019est sans appr\u00e9hension que je m\u2019y suis attel\u00e9. Je le savais proche, au coin de l\u2019Avenue Hugier \u00e0 bichonner ses rosiers, et je savais aussi d\u00e9tenir les r\u00e9ponses qu\u2019il m\u2019avait depuis 25 ans enseign\u00e9es : sans froid, d\u00e9termination et surtout et m\u00eame s\u2019il ne le disait pas, le don de soi.<br \/>\nNous sommes tous convaincus que son enseignement nous a fait meilleur. Souhaitons que son souvenir \u00e9claire longtemps nos cheminements vers la plus belle des citoyennet\u00e9s : l&#8217;exemplarit\u00e9 !<\/p>\n","protected":false},"excerpt":{"rendered":"<p>Un homme de bien pour le Judo et pour les Bucois. La disparition d\u2019Andr\u00e9 Pri\u00e9to aux premiers jours de Mars a r\u00e9veill\u00e9 souvenirs et r\u00e9flexions pour le petit judoka que j\u2019ai \u00e9t\u00e9 aupr\u00e8s de lui, pour son successeur que je suis aujourd\u2019hui sur le tatami et pour son disciple que je serai toujours, tellement ses&hellip;&nbsp;<a href=\"https:\/\/www.bucjudo.fr\/?p=196\" rel=\"bookmark\"><span class=\"screen-reader-text\">Andr\u00e9 Pri\u00e9to<\/span><\/a><\/p>\n","protected":false},"author":5,"featured_media":0,"comment_status":"closed","ping_status":"closed","sticky":false,"template":"","format":"standard","meta":{"_s2mail":"","neve_meta_sidebar":"","neve_meta_container":"","neve_meta_enable_content_width":"","neve_meta_content_width":0,"neve_meta_title_alignment":"","neve_meta_author_avatar":"","neve_post_elements_order":"","neve_meta_disable_header":"","neve_meta_disable_footer":"","neve_meta_disable_title":"","_themeisle_gutenberg_block_has_review":false,"footnotes":""},"categories":[3],"tags":[],"class_list":["post-196","post","type-post","status-publish","format-standard","hentry","category-hall-of-fame"],"jetpack_featured_media_url":"","_links":{"self":[{"href":"https:\/\/www.bucjudo.fr\/index.php?rest_route=\/wp\/v2\/posts\/196","targetHints":{"allow":["GET"]}}],"collection":[{"href":"https:\/\/www.bucjudo.fr\/index.php?rest_route=\/wp\/v2\/posts"}],"about":[{"href":"https:\/\/www.bucjudo.fr\/index.php?rest_route=\/wp\/v2\/types\/post"}],"author":[{"embeddable":true,"href":"https:\/\/www.bucjudo.fr\/index.php?rest_route=\/wp\/v2\/users\/5"}],"replies":[{"embeddable":true,"href":"https:\/\/www.bucjudo.fr\/index.php?rest_route=%2Fwp%2Fv2%2Fcomments&post=196"}],"version-history":[{"count":1,"href":"https:\/\/www.bucjudo.fr\/index.php?rest_route=\/wp\/v2\/posts\/196\/revisions"}],"predecessor-version":[{"id":197,"href":"https:\/\/www.bucjudo.fr\/index.php?rest_route=\/wp\/v2\/posts\/196\/revisions\/197"}],"wp:attachment":[{"href":"https:\/\/www.bucjudo.fr\/index.php?rest_route=%2Fwp%2Fv2%2Fmedia&parent=196"}],"wp:term":[{"taxonomy":"category","embeddable":true,"href":"https:\/\/www.bucjudo.fr\/index.php?rest_route=%2Fwp%2Fv2%2Fcategories&post=196"},{"taxonomy":"post_tag","embeddable":true,"href":"https:\/\/www.bucjudo.fr\/index.php?rest_route=%2Fwp%2Fv2%2Ftags&post=196"}],"curies":[{"name":"wp","href":"https:\/\/api.w.org\/{rel}","templated":true}]}}