{"id":2474,"date":"2020-04-29T23:23:24","date_gmt":"2020-04-29T21:23:24","guid":{"rendered":"http:\/\/www.bucjudo.fr\/?p=2474"},"modified":"2020-04-29T23:23:26","modified_gmt":"2020-04-29T21:23:26","slug":"ejudo-et-assemblee-generale","status":"publish","type":"post","link":"https:\/\/www.bucjudo.fr\/?p=2474","title":{"rendered":"eJudo et Assembl\u00e9e g\u00e9n\u00e9rale"},"content":{"rendered":"\n<p>Chers Judokas, <br>Ch\u00e8res Familles, <\/p>\n\n\n\n<p>Le cours de eJudo en live anim\u00e9 par Pascal a \u00e9t\u00e9 tr\u00e8s appr\u00e9ci\u00e9. Nous vous proposons de reconduire cette exp\u00e9rience la semaine prochaine, <strong>mercredi \u00e0 18h<\/strong>. Vous pouvez bien sur inviter vos parents, fr\u00e8res, s\u0153urs et amis \u00e0 nous rejoindre&#8230;<\/p>\n\n\n\n<p>Par ailleurs, la situation\nactuelle, nous am\u00e8ne \u00e0 r\u00e9fl\u00e9chir sur notre pratique du judo. Le \u00ab&nbsp;judo \u00e0\nla maison&nbsp;\u00bb en est l\u2019une des nombreuses possibilit\u00e9s, nous vous invitons \u00e0\nvisiter ce lien pour celles et ceux qui en veulent plus&nbsp;: <a href=\"http:\/\/www.ffjudo.com\/judo-a-la-maison\">www.ffjudo.com\/judo-a-la-maison<\/a>.\n&nbsp;&nbsp;&nbsp;<\/p>\n\n\n\n<p>Enfin, nous vous invitons \u00e0 participer \u00e0 la prochaine assembl\u00e9 g\u00e9n\u00e9rale qui se tiendra le <strong>Samedi 9 mai \u00e0 10h30<\/strong>, en visioconf\u00e9rence. Ce rendez-vous nous permettra de discuter ensemble des mesures de l\u2019organisation de la fin de cette saison 2019\/2020, des perspectives pour la rentr\u00e9e 2020\/2021, ainsi que des dispositifs compensatoires : remboursements partiels et ou avoirs\u2026 La convocation est disponible <a href=\"https:\/\/www.bucjudo.fr\/wp-content\/uploads\/2020\/04\/convocationAG-Judo-2020.pdf\">ici<\/a>. D\u2019ici l\u00e0 je reste ouvert \u00e0 toute discussion et portez-vous bien.<\/p>\n\n\n\n<p>Sportivement<br>Pour le bureau de l\u2019AOBUC Judo<br>Romain, pr\u00e9sident <\/p>\n","protected":false},"excerpt":{"rendered":"<p>Chers Judokas, Ch\u00e8res Familles, Le cours de eJudo en live anim\u00e9 par Pascal a \u00e9t\u00e9 tr\u00e8s appr\u00e9ci\u00e9. Nous vous proposons de reconduire cette exp\u00e9rience la semaine prochaine, mercredi \u00e0 18h. Vous pouvez bien sur inviter vos parents, fr\u00e8res, s\u0153urs et amis \u00e0 nous rejoindre&#8230; Par ailleurs, la situation actuelle, nous am\u00e8ne \u00e0 r\u00e9fl\u00e9chir sur notre&hellip;&nbsp;<a href=\"https:\/\/www.bucjudo.fr\/?p=2474\" rel=\"bookmark\"><span class=\"screen-reader-text\">eJudo et Assembl\u00e9e g\u00e9n\u00e9rale<\/span><\/a><\/p>\n","protected":false},"author":6,"featured_media":0,"comment_status":"closed","ping_status":"closed","sticky":false,"template":"","format":"standard","meta":{"_s2mail":"no","neve_meta_sidebar":"","neve_meta_container":"","neve_meta_enable_content_width":"","neve_meta_content_width":0,"neve_meta_title_alignment":"","neve_meta_author_avatar":"","neve_post_elements_order":"","neve_meta_disable_header":"","neve_meta_disable_footer":"","neve_meta_disable_title":"","_themeisle_gutenberg_block_has_review":false,"footnotes":""},"categories":[13],"tags":[],"class_list":["post-2474","post","type-post","status-publish","format-standard","hentry","category-association"],"jetpack_featured_media_url":"","_links":{"self":[{"href":"https:\/\/www.bucjudo.fr\/index.php?rest_route=\/wp\/v2\/posts\/2474","targetHints":{"allow":["GET"]}}],"collection":[{"href":"https:\/\/www.bucjudo.fr\/index.php?rest_route=\/wp\/v2\/posts"}],"about":[{"href":"https:\/\/www.bucjudo.fr\/index.php?rest_route=\/wp\/v2\/types\/post"}],"author":[{"embeddable":true,"href":"https:\/\/www.bucjudo.fr\/index.php?rest_route=\/wp\/v2\/users\/6"}],"replies":[{"embeddable":true,"href":"https:\/\/www.bucjudo.fr\/index.php?rest_route=%2Fwp%2Fv2%2Fcomments&post=2474"}],"version-history":[{"count":2,"href":"https:\/\/www.bucjudo.fr\/index.php?rest_route=\/wp\/v2\/posts\/2474\/revisions"}],"predecessor-version":[{"id":2477,"href":"https:\/\/www.bucjudo.fr\/index.php?rest_route=\/wp\/v2\/posts\/2474\/revisions\/2477"}],"wp:attachment":[{"href":"https:\/\/www.bucjudo.fr\/index.php?rest_route=%2Fwp%2Fv2%2Fmedia&parent=2474"}],"wp:term":[{"taxonomy":"category","embeddable":true,"href":"https:\/\/www.bucjudo.fr\/index.php?rest_route=%2Fwp%2Fv2%2Fcategories&post=2474"},{"taxonomy":"post_tag","embeddable":true,"href":"https:\/\/www.bucjudo.fr\/index.php?rest_route=%2Fwp%2Fv2%2Ftags&post=2474"}],"curies":[{"name":"wp","href":"https:\/\/api.w.org\/{rel}","templated":true}]}}