{"id":2563,"date":"2020-06-25T14:17:37","date_gmt":"2020-06-25T12:17:37","guid":{"rendered":"http:\/\/www.bucjudo.fr\/?p=2563"},"modified":"2020-10-08T16:21:20","modified_gmt":"2020-10-08T14:21:20","slug":"grades-2020","status":"publish","type":"post","link":"https:\/\/www.bucjudo.fr\/?p=2563","title":{"rendered":"Grad\u00e9s 2020"},"content":{"rendered":"\n<p>F\u00e9licitations aux nouveaux grad\u00e9s de la promotion 2020. Pour celles et ceux n&#8217;ayant pu venir \u00e0 la c\u00e9r\u00e9monie hier, une remise de grade sera organis\u00e9e \u00e0 la rentr\u00e9e.<\/p>\n\n\n\n<figure class=\"wp-block-image size-large is-resized\"><img loading=\"lazy\" decoding=\"async\" src=\"https:\/\/i0.wp.com\/www.bucjudo.fr\/wp-content\/uploads\/2020\/06\/Grades2020.png?fit=640%2C452\" alt=\"\" class=\"wp-image-2564\" width=\"640\" height=\"452\" srcset=\"https:\/\/www.bucjudo.fr\/wp-content\/uploads\/2020\/06\/Grades2020.png 1754w, https:\/\/www.bucjudo.fr\/wp-content\/uploads\/2020\/06\/Grades2020-300x212.png 300w, https:\/\/www.bucjudo.fr\/wp-content\/uploads\/2020\/06\/Grades2020-1024x723.png 1024w, https:\/\/www.bucjudo.fr\/wp-content\/uploads\/2020\/06\/Grades2020-768x543.png 768w, https:\/\/www.bucjudo.fr\/wp-content\/uploads\/2020\/06\/Grades2020-1536x1085.png 1536w\" sizes=\"auto, (max-width: 640px) 100vw, 640px\" \/><figcaption>Grad\u00e9s promotion juin 2020<\/figcaption><\/figure>\n\n\n\n<p>Nous vous donnons rendez-vous en Septembre pour la reprise des cours de Judo<\/p>\n\n\n\n<p>Passez un bel \u00e9t\u00e9, sportif !<\/p>\n","protected":false},"excerpt":{"rendered":"<p>F\u00e9licitations aux nouveaux grad\u00e9s de la promotion 2020. Pour celles et ceux n&#8217;ayant pu venir \u00e0 la c\u00e9r\u00e9monie hier, une remise de grade sera organis\u00e9e \u00e0 la rentr\u00e9e. Nous vous donnons rendez-vous en Septembre pour la reprise des cours de Judo Passez un bel \u00e9t\u00e9, sportif !<\/p>\n","protected":false},"author":6,"featured_media":0,"comment_status":"closed","ping_status":"closed","sticky":false,"template":"","format":"standard","meta":{"_s2mail":"","neve_meta_sidebar":"","neve_meta_container":"","neve_meta_enable_content_width":"","neve_meta_content_width":0,"neve_meta_title_alignment":"","neve_meta_author_avatar":"","neve_post_elements_order":"","neve_meta_disable_header":"","neve_meta_disable_footer":"","neve_meta_disable_title":"","_themeisle_gutenberg_block_has_review":false,"footnotes":""},"categories":[13],"tags":[],"class_list":["post-2563","post","type-post","status-publish","format-standard","hentry","category-association"],"jetpack_featured_media_url":"","_links":{"self":[{"href":"https:\/\/www.bucjudo.fr\/index.php?rest_route=\/wp\/v2\/posts\/2563","targetHints":{"allow":["GET"]}}],"collection":[{"href":"https:\/\/www.bucjudo.fr\/index.php?rest_route=\/wp\/v2\/posts"}],"about":[{"href":"https:\/\/www.bucjudo.fr\/index.php?rest_route=\/wp\/v2\/types\/post"}],"author":[{"embeddable":true,"href":"https:\/\/www.bucjudo.fr\/index.php?rest_route=\/wp\/v2\/users\/6"}],"replies":[{"embeddable":true,"href":"https:\/\/www.bucjudo.fr\/index.php?rest_route=%2Fwp%2Fv2%2Fcomments&post=2563"}],"version-history":[{"count":2,"href":"https:\/\/www.bucjudo.fr\/index.php?rest_route=\/wp\/v2\/posts\/2563\/revisions"}],"predecessor-version":[{"id":2592,"href":"https:\/\/www.bucjudo.fr\/index.php?rest_route=\/wp\/v2\/posts\/2563\/revisions\/2592"}],"wp:attachment":[{"href":"https:\/\/www.bucjudo.fr\/index.php?rest_route=%2Fwp%2Fv2%2Fmedia&parent=2563"}],"wp:term":[{"taxonomy":"category","embeddable":true,"href":"https:\/\/www.bucjudo.fr\/index.php?rest_route=%2Fwp%2Fv2%2Fcategories&post=2563"},{"taxonomy":"post_tag","embeddable":true,"href":"https:\/\/www.bucjudo.fr\/index.php?rest_route=%2Fwp%2Fv2%2Ftags&post=2563"}],"curies":[{"name":"wp","href":"https:\/\/api.w.org\/{rel}","templated":true}]}}