{"id":2568,"date":"2020-09-02T23:18:37","date_gmt":"2020-09-02T21:18:37","guid":{"rendered":"http:\/\/www.bucjudo.fr\/?p=2568"},"modified":"2020-10-08T16:21:02","modified_gmt":"2020-10-08T14:21:02","slug":"cest-la-rentree-2020","status":"publish","type":"post","link":"https:\/\/www.bucjudo.fr\/?p=2568","title":{"rendered":"C&#8217;est la rentr\u00e9e &#8230; 2020  !"},"content":{"rendered":"\n<p>Apr\u00e8s cette pause et ces vacances bien m\u00e9rit\u00e9es, il est temps de reprendre le chemin du Dojo d\u00e8s ce mercredi 9 septembre pour d\u00e9couvrir ou continuer sa progression de judoka. Ce premier cours est ouvert \u00e0 tous pour faire un essai et d\u00e9couvrir librement ce sport. <\/p>\n\n\n\n<p>Cours d&#8217;essais les mercredis, 9, 16, 23 et 30 Septembre de 17h \u00e0 18h pour les d\u00e9butants \u00e0 partir de 5 ans.<\/p>\n\n\n\n<figure class=\"wp-block-image size-large is-resized\"><img loading=\"lazy\" decoding=\"async\" src=\"https:\/\/i2.wp.com\/www.bucjudo.fr\/wp-content\/uploads\/2020\/09\/IMG_20200902_203156.jpg?fit=640%2C644\" alt=\"\" class=\"wp-image-2569\" width=\"640\" height=\"644\" srcset=\"https:\/\/www.bucjudo.fr\/wp-content\/uploads\/2020\/09\/IMG_20200902_203156.jpg 1080w, https:\/\/www.bucjudo.fr\/wp-content\/uploads\/2020\/09\/IMG_20200902_203156-298x300.jpg 298w, https:\/\/www.bucjudo.fr\/wp-content\/uploads\/2020\/09\/IMG_20200902_203156-1017x1024.jpg 1017w, https:\/\/www.bucjudo.fr\/wp-content\/uploads\/2020\/09\/IMG_20200902_203156-150x150.jpg 150w, https:\/\/www.bucjudo.fr\/wp-content\/uploads\/2020\/09\/IMG_20200902_203156-768x773.jpg 768w, https:\/\/www.bucjudo.fr\/wp-content\/uploads\/2020\/09\/IMG_20200902_203156-144x144.jpg 144w\" sizes=\"auto, (max-width: 640px) 100vw, 640px\" \/><\/figure>\n\n\n\n<p>Nous vous donnons rendez-vous pour les inscriptions \u00e0 la journ\u00e9e des associations Samedi 5 Septembre d\u00e8s 14h dans le Gymnase du Pr\u00e9 saint Jean, ou \u00e0 nous contacter par mail \u00e0 <a href=\"mailto:romain@bucjudo.fr\">romain@bucjudo.fr<\/a>. Toutes les infos disponibles <a rel=\"noreferrer noopener\" href=\"https:\/\/www.bucjudo.fr\/?page_id=1983\" target=\"_blank\">ici<\/a>.<\/p>\n\n\n\n<p>Nous sommes tenus de respecter un protocole sanitaire disponible en d\u00e9tail (<a rel=\"noreferrer noopener\" href=\"https:\/\/www.bucjudo.fr\/wp-content\/uploads\/2020\/09\/PROTOCOLE-RENTREE-20.pdf\" target=\"_blank\">ici<\/a>) qui nous permet une pratique normale et habituelle du judo : techniques au sol, debout, travail \u00e0 plusieurs, randoris.<\/p>\n\n\n\n<p>A tr\u00e8s vite sur le tatami !<\/p>\n\n\n\n<p><\/p>\n","protected":false},"excerpt":{"rendered":"<p>Apr\u00e8s cette pause et ces vacances bien m\u00e9rit\u00e9es, il est temps de reprendre le chemin du Dojo d\u00e8s ce mercredi 9 septembre pour d\u00e9couvrir ou continuer sa progression de judoka. Ce premier cours est ouvert \u00e0 tous pour faire un essai et d\u00e9couvrir librement ce sport. Cours d&#8217;essais les mercredis, 9, 16, 23 et 30&hellip;&nbsp;<a href=\"https:\/\/www.bucjudo.fr\/?p=2568\" rel=\"bookmark\"><span class=\"screen-reader-text\">C&#8217;est la rentr\u00e9e &#8230; 2020  !<\/span><\/a><\/p>\n","protected":false},"author":6,"featured_media":0,"comment_status":"closed","ping_status":"closed","sticky":false,"template":"","format":"standard","meta":{"_s2mail":"","neve_meta_sidebar":"","neve_meta_container":"","neve_meta_enable_content_width":"","neve_meta_content_width":0,"neve_meta_title_alignment":"","neve_meta_author_avatar":"","neve_post_elements_order":"","neve_meta_disable_header":"","neve_meta_disable_footer":"","neve_meta_disable_title":"","_themeisle_gutenberg_block_has_review":false,"footnotes":""},"categories":[13],"tags":[],"class_list":["post-2568","post","type-post","status-publish","format-standard","hentry","category-association"],"jetpack_featured_media_url":"","_links":{"self":[{"href":"https:\/\/www.bucjudo.fr\/index.php?rest_route=\/wp\/v2\/posts\/2568","targetHints":{"allow":["GET"]}}],"collection":[{"href":"https:\/\/www.bucjudo.fr\/index.php?rest_route=\/wp\/v2\/posts"}],"about":[{"href":"https:\/\/www.bucjudo.fr\/index.php?rest_route=\/wp\/v2\/types\/post"}],"author":[{"embeddable":true,"href":"https:\/\/www.bucjudo.fr\/index.php?rest_route=\/wp\/v2\/users\/6"}],"replies":[{"embeddable":true,"href":"https:\/\/www.bucjudo.fr\/index.php?rest_route=%2Fwp%2Fv2%2Fcomments&post=2568"}],"version-history":[{"count":4,"href":"https:\/\/www.bucjudo.fr\/index.php?rest_route=\/wp\/v2\/posts\/2568\/revisions"}],"predecessor-version":[{"id":2591,"href":"https:\/\/www.bucjudo.fr\/index.php?rest_route=\/wp\/v2\/posts\/2568\/revisions\/2591"}],"wp:attachment":[{"href":"https:\/\/www.bucjudo.fr\/index.php?rest_route=%2Fwp%2Fv2%2Fmedia&parent=2568"}],"wp:term":[{"taxonomy":"category","embeddable":true,"href":"https:\/\/www.bucjudo.fr\/index.php?rest_route=%2Fwp%2Fv2%2Fcategories&post=2568"},{"taxonomy":"post_tag","embeddable":true,"href":"https:\/\/www.bucjudo.fr\/index.php?rest_route=%2Fwp%2Fv2%2Ftags&post=2568"}],"curies":[{"name":"wp","href":"https:\/\/api.w.org\/{rel}","templated":true}]}}