{"id":2596,"date":"2020-11-01T19:37:59","date_gmt":"2020-11-01T18:37:59","guid":{"rendered":"http:\/\/www.bucjudo.fr\/?p=2596"},"modified":"2020-12-15T16:56:39","modified_gmt":"2020-12-15T15:56:39","slug":"suspension-des-activites-pendant-le-confinement","status":"publish","type":"post","link":"https:\/\/www.bucjudo.fr\/?p=2596","title":{"rendered":"Suspension des activit\u00e9s pendant le confinement"},"content":{"rendered":"\n<p class=\"has-blue-color has-text-color\">&#8220;<em>Le sport n&#8217;est pas prioritaire<\/em>&#8221; et pourtant, il est bien plus que cela. Il est essentiel \u00e0 la vie, tant pour le corps et l\u2019esprit, que pour le lien et la coh\u00e9sion sociale. La France a besoin du sport et de son tissu associatif qui \u0153uvrent sans compter et qui aujourd\u2019hui se sentent l\u00e2ch\u00e9s voire m\u00e9pris\u00e9s par le gouvernement.<\/p>\n\n\n\n<p class=\"has-blue-color has-text-color\">La France a besoin du sport POUR TOUS, r\u00e9gulier et adapt\u00e9, c\u2019est \u00ab un Bien Commun \u00bb que l\u2019\u00c9tat doit soutenir. Les nouvelles g\u00e9n\u00e9rations ont perdu de la capacit\u00e9 respiratoire, l\u2019ob\u00e9sit\u00e9 est galopante, le go\u00fbt de l\u2019effort s\u2019envole, le virtuel s\u2019invite dans le r\u00e9el par des actes inqualifiables, la tol\u00e9rance, l\u2019esprit d\u2019\u00e9quipe et la solidarit\u00e9 ne sont plus que ponctuels et bien souvent mis en sc\u00e8ne sur les r\u00e9seaux plut\u00f4t qu\u2019en r\u00e9alit\u00e9.<\/p>\n\n\n\n<p class=\"has-blue-color has-text-color\">Le Monde Sportif, nos disciplines et le judo en particulier ont toujours eu \u00e0 c\u0153ur de d\u00e9fendre la sant\u00e9 des pratiquants, et vous savez notre engagement pour lutter contre toutes les activit\u00e9s dangereuses pour la sant\u00e9 et inversement pour d\u00e9velopper celles qui donnent de beaux exemples \u00e9ducatifs pour notre jeunesse.<\/p>\n\n\n\n<p class=\"has-blue-color has-text-color\">Le monde associatif f\u00e9d\u00e9r\u00e9 a mis en place des protocoles sanitaires adapt\u00e9s \u00e0 toutes nos activit\u00e9s et les met \u00e0 jour selon les directives gouvernementales. Nous ne voulons surtout pas \u00ab<em>&nbsp;\u00eatre des foyers de d\u00e9veloppement du virus&nbsp;<\/em>\u00bb comme l\u2019a dit Monsieur le Ministre de la Sant\u00e9. Nous ne demandons pas d\u2019ouvrir grandes nos portes mais d\u2019autoriser une activit\u00e9 compatible et en coh\u00e9rence avec les directives du gouvernement.<\/p>\n\n\n\n<p class=\"has-blue-color has-text-color\">En coh\u00e9rence, nous avons demand\u00e9 au gouvernement de calquer le sport sur l\u2019\u00e9cole. Pourquoi n\u2019avoir pas encore calqu\u00e9 les ouvertures des clubs sportifs sur l\u2019\u00c9ducation Nationale ? Si l\u2019\u00e9cole primaire peut rester ouverte, nos clubs devraient rester ouverts aux moins de 12 ans et poursuivre la m\u00eame coh\u00e9rence Monde de l\u2019\u00e9ducation \/ Monde associatif avec les coll\u00e8ges, les lyc\u00e9es puis les universit\u00e9s.<\/p>\n\n\n\n<p class=\"has-blue-color has-text-color\">Notre club et tous les autres clubs de judo sont les garants de la continuit\u00e9 d\u2019une pratique encadr\u00e9e, \u00e9ducative, sportive et d\u2019int\u00e9r\u00eat g\u00e9n\u00e9ral. Notre action permet de pr\u00e9server la sant\u00e9 physique et morale de nos jeunes licenci\u00e9s tout en les familiarisant avec le respect des gestes barri\u00e8res. <\/p>\n\n\n\n<p>Les propos ci dessus sont ceux de la F\u00e9d\u00e9ration Fran\u00e7aise de Judo dans sa lettre ouverte au gouvernement dat\u00e9e du 01 novembre 2020. <strong>Ces propos sont \u00e9galement les n\u00f4tres. Notre engagement ne s&#8217;arr\u00eate pas \u00e0 notre pratique, il est quotidien et nous continuons \u00e0 d\u00e9fendre  activement nos valeurs.  Nos activit\u00e9s sont suspendues, sans discernement, pour une dur\u00e9e ind\u00e9termin\u00e9e. <\/strong>Nous vous souhaitons \u00e0 tous de traverser cette p\u00e9riode du mieux possible. Nous restons \u00e0 votre \u00e9coute, et <strong>nous comptons aussi sur vous pour faire vivre les valeurs du judo dans votre et notre quotidien. <\/strong><\/p>\n","protected":false},"excerpt":{"rendered":"<p>&#8220;Le sport n&#8217;est pas prioritaire&#8221; et pourtant, il est bien plus que cela. Il est essentiel \u00e0 la vie, tant pour le corps et l\u2019esprit, que pour le lien et la coh\u00e9sion sociale. La France a besoin du sport et de son tissu associatif qui \u0153uvrent sans compter et qui aujourd\u2019hui se sentent l\u00e2ch\u00e9s voire&hellip;&nbsp;<a href=\"https:\/\/www.bucjudo.fr\/?p=2596\" rel=\"bookmark\"><span class=\"screen-reader-text\">Suspension des activit\u00e9s pendant le confinement<\/span><\/a><\/p>\n","protected":false},"author":6,"featured_media":0,"comment_status":"closed","ping_status":"closed","sticky":false,"template":"","format":"standard","meta":{"_s2mail":"","neve_meta_sidebar":"","neve_meta_container":"","neve_meta_enable_content_width":"","neve_meta_content_width":0,"neve_meta_title_alignment":"","neve_meta_author_avatar":"","neve_post_elements_order":"","neve_meta_disable_header":"","neve_meta_disable_footer":"","neve_meta_disable_title":"","_themeisle_gutenberg_block_has_review":false,"footnotes":""},"categories":[13],"tags":[20],"class_list":["post-2596","post","type-post","status-publish","format-standard","hentry","category-association","tag-covid"],"jetpack_featured_media_url":"","_links":{"self":[{"href":"https:\/\/www.bucjudo.fr\/index.php?rest_route=\/wp\/v2\/posts\/2596","targetHints":{"allow":["GET"]}}],"collection":[{"href":"https:\/\/www.bucjudo.fr\/index.php?rest_route=\/wp\/v2\/posts"}],"about":[{"href":"https:\/\/www.bucjudo.fr\/index.php?rest_route=\/wp\/v2\/types\/post"}],"author":[{"embeddable":true,"href":"https:\/\/www.bucjudo.fr\/index.php?rest_route=\/wp\/v2\/users\/6"}],"replies":[{"embeddable":true,"href":"https:\/\/www.bucjudo.fr\/index.php?rest_route=%2Fwp%2Fv2%2Fcomments&post=2596"}],"version-history":[{"count":3,"href":"https:\/\/www.bucjudo.fr\/index.php?rest_route=\/wp\/v2\/posts\/2596\/revisions"}],"predecessor-version":[{"id":2607,"href":"https:\/\/www.bucjudo.fr\/index.php?rest_route=\/wp\/v2\/posts\/2596\/revisions\/2607"}],"wp:attachment":[{"href":"https:\/\/www.bucjudo.fr\/index.php?rest_route=%2Fwp%2Fv2%2Fmedia&parent=2596"}],"wp:term":[{"taxonomy":"category","embeddable":true,"href":"https:\/\/www.bucjudo.fr\/index.php?rest_route=%2Fwp%2Fv2%2Fcategories&post=2596"},{"taxonomy":"post_tag","embeddable":true,"href":"https:\/\/www.bucjudo.fr\/index.php?rest_route=%2Fwp%2Fv2%2Ftags&post=2596"}],"curies":[{"name":"wp","href":"https:\/\/api.w.org\/{rel}","templated":true}]}}