{"id":2608,"date":"2020-12-15T16:59:42","date_gmt":"2020-12-15T15:59:42","guid":{"rendered":"http:\/\/www.bucjudo.fr\/?p=2608"},"modified":"2020-12-15T16:59:42","modified_gmt":"2020-12-15T15:59:42","slug":"cest-la-rereprise-reprise-des-cours","status":"publish","type":"post","link":"https:\/\/www.bucjudo.fr\/?p=2608","title":{"rendered":"C&#8217;est la ReReprise ! Reprise des cours"},"content":{"rendered":"\n<p>Nous avons le plaisir de vous annoncer la r\u00e9ouverture des gymnases \u00e0 Buc\u2026<\/p>\n\n\n\n<p><strong>Reprise des cours demain mercredi 17h-18h et 18h-19h et vendredi \u00e0 18h15&nbsp;!<\/strong><\/p>\n\n\n\n<p>Nouveau protocole, nouveau gymnase\u2026 Cours sans contact garanti\u00a0! Techniques diverses, animations, chutes, jujitsu, nous avons un super programme pour finir l\u2019ann\u00e9e\u00a0!<\/p>\n\n\n\n<p><strong>Concernant le stage de judo pendant les vacances il demeure annul\u00e9<\/strong>. Les protocoles ne nous permettent pas de pratiquer le Judo. Si nous pouvons faire quelques cours \u00ab\u00a0sans contact\u00a0\u00bb, cela peut vite devenir r\u00e9p\u00e9titif pour un stage, d\u2019autant plus les enfants. L\u2019option de garder le m\u00eame partenaire pour tout le stage n\u2019est toujours pas autoris\u00e9e \u00e0 ce jour\u2026<\/p>\n\n\n\n<p>Comme vous avez pu le lire, nous faisons tout ce qu\u2019il nous est possible pour vous permettre de pratiquer le Judo. Certaines d\u00e9cisions, beaucoup trop d\u2019ailleurs, ne d\u00e9pendent pas de nous. Mais par notre engagement, nous pouvons, ou pas, influencer nos d\u00e9cideurs. Cependant, ce rapport de force et cette fa\u00e7on de travailler me sont particuli\u00e8rement p\u00e9nibles et \u00e9prouvants. Je remercie toutes celles et ceux qui m\u2019ont r\u00e9pondu et encourag\u00e9. J\u2019esp\u00e8re renouer d\u00e8s que possible une relation bas\u00e9e sur la confiance.<\/p>\n\n\n\n<p>Nous vous souhaitons une nouvelle fois d\u2019excellentes f\u00eates&nbsp;!<\/p>\n","protected":false},"excerpt":{"rendered":"<p>Nous avons le plaisir de vous annoncer la r\u00e9ouverture des gymnases \u00e0 Buc\u2026 Reprise des cours demain mercredi 17h-18h et 18h-19h et vendredi \u00e0 18h15&nbsp;! Nouveau protocole, nouveau gymnase\u2026 Cours sans contact garanti\u00a0! Techniques diverses, animations, chutes, jujitsu, nous avons un super programme pour finir l\u2019ann\u00e9e\u00a0! Concernant le stage de judo pendant les vacances il&hellip;&nbsp;<a href=\"https:\/\/www.bucjudo.fr\/?p=2608\" rel=\"bookmark\"><span class=\"screen-reader-text\">C&#8217;est la ReReprise ! Reprise des cours<\/span><\/a><\/p>\n","protected":false},"author":6,"featured_media":0,"comment_status":"closed","ping_status":"closed","sticky":false,"template":"","format":"standard","meta":{"_s2mail":"","neve_meta_sidebar":"","neve_meta_container":"","neve_meta_enable_content_width":"","neve_meta_content_width":0,"neve_meta_title_alignment":"","neve_meta_author_avatar":"","neve_post_elements_order":"","neve_meta_disable_header":"","neve_meta_disable_footer":"","neve_meta_disable_title":"","_themeisle_gutenberg_block_has_review":false,"footnotes":""},"categories":[13],"tags":[],"class_list":["post-2608","post","type-post","status-publish","format-standard","hentry","category-association"],"jetpack_featured_media_url":"","_links":{"self":[{"href":"https:\/\/www.bucjudo.fr\/index.php?rest_route=\/wp\/v2\/posts\/2608","targetHints":{"allow":["GET"]}}],"collection":[{"href":"https:\/\/www.bucjudo.fr\/index.php?rest_route=\/wp\/v2\/posts"}],"about":[{"href":"https:\/\/www.bucjudo.fr\/index.php?rest_route=\/wp\/v2\/types\/post"}],"author":[{"embeddable":true,"href":"https:\/\/www.bucjudo.fr\/index.php?rest_route=\/wp\/v2\/users\/6"}],"replies":[{"embeddable":true,"href":"https:\/\/www.bucjudo.fr\/index.php?rest_route=%2Fwp%2Fv2%2Fcomments&post=2608"}],"version-history":[{"count":1,"href":"https:\/\/www.bucjudo.fr\/index.php?rest_route=\/wp\/v2\/posts\/2608\/revisions"}],"predecessor-version":[{"id":2609,"href":"https:\/\/www.bucjudo.fr\/index.php?rest_route=\/wp\/v2\/posts\/2608\/revisions\/2609"}],"wp:attachment":[{"href":"https:\/\/www.bucjudo.fr\/index.php?rest_route=%2Fwp%2Fv2%2Fmedia&parent=2608"}],"wp:term":[{"taxonomy":"category","embeddable":true,"href":"https:\/\/www.bucjudo.fr\/index.php?rest_route=%2Fwp%2Fv2%2Fcategories&post=2608"},{"taxonomy":"post_tag","embeddable":true,"href":"https:\/\/www.bucjudo.fr\/index.php?rest_route=%2Fwp%2Fv2%2Ftags&post=2608"}],"curies":[{"name":"wp","href":"https:\/\/api.w.org\/{rel}","templated":true}]}}