{"id":2777,"date":"2022-03-07T10:50:20","date_gmt":"2022-03-07T09:50:20","guid":{"rendered":"http:\/\/www.bucjudo.fr\/?p=2777"},"modified":"2022-03-07T11:18:35","modified_gmt":"2022-03-07T10:18:35","slug":"invitation-challenge-versailles-dimanche-20-mars-2022","status":"publish","type":"post","link":"https:\/\/www.bucjudo.fr\/?p=2777","title":{"rendered":"Invitation Challenge Versailles Dimanche 20 Mars 2022"},"content":{"rendered":"\n<p>Nous sommes invit\u00e9s au challenge des jeunes &#8220;Sylvain Mignasson&#8221; de Versailles le <strong>Dimanche 20 Mars<\/strong> au Gymnase Montbauron &#8211; 2&nbsp;rue J. Boyceau &#8211; 78000 VERSAILLES  (attention c\u2019est le gymnase du fond)<\/p>\n\n\n\n<figure class=\"wp-block-table\"><table><tbody><tr><td>Pes\u00e9e<\/td><td>Cat\u00e9gorie<\/td><td>Poids<\/td><\/tr><tr><td>9h &#8211; 9h15<\/td><td>Benjamins Gar\u00e7ons (2010\/2011)<\/td><td>-38kg<\/td><\/tr><tr><td>9h30 &#8211; 9h45<\/td><td>Benjamins Gar\u00e7ons (2010\/2011) <\/td><td>+38kg<\/td><\/tr><tr><td>10h-10h15<\/td><td>Poussins et Poussines (2012\/2013)<\/td><td>-30kg<\/td><\/tr><tr><td>10h30-10h45<\/td><td>Poussins et Poussines (2012\/2013) <\/td><td>+30kg<\/td><\/tr><tr><td><\/td><td>Apr\u00e8s Midi<\/td><td><\/td><\/tr><tr><td> 13h-13h15<\/td><td>Benjamines Filles (2010\/2011) <\/td><td><\/td><\/tr><tr><td>13h-13h15<\/td><td>Minimes Gar\u00e7ons et Filles (2008\/2009)<\/td><td><\/td><\/tr><tr><td>14h15-14h30<\/td><td>Mini-Poussins  Gar\u00e7ons et Filles  (2014\/2015)<\/td><td>-24kg<\/td><\/tr><tr><td> 15h15-15h30 <\/td><td>Mini-Poussins  Gar\u00e7ons et Filles  (2014\/2015) <\/td><td>+24kg<\/td><\/tr><\/tbody><\/table><\/figure>\n\n\n\n<p>Inscriptions <strong>avant le 13 Mars<\/strong> aupr\u00e8s de Pascal pendant les cours ou <a href=\"https:\/\/docs.google.com\/forms\/d\/e\/1FAIpQLSfmzZxBdYwfcJTXPfohgPiDVl71wlq4XBEcVVCb9XAvRzP3Hw\/viewform?usp=pp_url\" target=\"_blank\" rel=\"noreferrer noopener\">ce formulaire<\/a><\/p>\n\n\n\n<p><a href=\"https:\/\/forms.gle\/RjbfQGityRCVCXCc6\" target=\"_blank\" rel=\"noreferrer noopener\">https:\/\/forms.gle\/RjbfQGityRCVCXCc6<\/a><\/p>\n\n\n\n<p><\/p>\n","protected":false},"excerpt":{"rendered":"<p>Nous sommes invit\u00e9s au challenge des jeunes &#8220;Sylvain Mignasson&#8221; de Versailles le Dimanche 20 Mars au Gymnase Montbauron &#8211; 2&nbsp;rue J. Boyceau &#8211; 78000 VERSAILLES (attention c\u2019est le gymnase du fond) Pes\u00e9e Cat\u00e9gorie Poids 9h &#8211; 9h15 Benjamins Gar\u00e7ons (2010\/2011) -38kg 9h30 &#8211; 9h45 Benjamins Gar\u00e7ons (2010\/2011) +38kg 10h-10h15 Poussins et Poussines (2012\/2013) -30kg 10h30-10h45&hellip;&nbsp;<a href=\"https:\/\/www.bucjudo.fr\/?p=2777\" rel=\"bookmark\"><span class=\"screen-reader-text\">Invitation Challenge Versailles Dimanche 20 Mars 2022<\/span><\/a><\/p>\n","protected":false},"author":6,"featured_media":0,"comment_status":"closed","ping_status":"closed","sticky":false,"template":"","format":"standard","meta":{"_s2mail":"","neve_meta_sidebar":"","neve_meta_container":"","neve_meta_enable_content_width":"","neve_meta_content_width":0,"neve_meta_title_alignment":"","neve_meta_author_avatar":"","neve_post_elements_order":"","neve_meta_disable_header":"","neve_meta_disable_footer":"","neve_meta_disable_title":"","_themeisle_gutenberg_block_has_review":false,"footnotes":""},"categories":[12],"tags":[],"class_list":["post-2777","post","type-post","status-publish","format-standard","hentry","category-competitons"],"jetpack_featured_media_url":"","_links":{"self":[{"href":"https:\/\/www.bucjudo.fr\/index.php?rest_route=\/wp\/v2\/posts\/2777","targetHints":{"allow":["GET"]}}],"collection":[{"href":"https:\/\/www.bucjudo.fr\/index.php?rest_route=\/wp\/v2\/posts"}],"about":[{"href":"https:\/\/www.bucjudo.fr\/index.php?rest_route=\/wp\/v2\/types\/post"}],"author":[{"embeddable":true,"href":"https:\/\/www.bucjudo.fr\/index.php?rest_route=\/wp\/v2\/users\/6"}],"replies":[{"embeddable":true,"href":"https:\/\/www.bucjudo.fr\/index.php?rest_route=%2Fwp%2Fv2%2Fcomments&post=2777"}],"version-history":[{"count":5,"href":"https:\/\/www.bucjudo.fr\/index.php?rest_route=\/wp\/v2\/posts\/2777\/revisions"}],"predecessor-version":[{"id":2782,"href":"https:\/\/www.bucjudo.fr\/index.php?rest_route=\/wp\/v2\/posts\/2777\/revisions\/2782"}],"wp:attachment":[{"href":"https:\/\/www.bucjudo.fr\/index.php?rest_route=%2Fwp%2Fv2%2Fmedia&parent=2777"}],"wp:term":[{"taxonomy":"category","embeddable":true,"href":"https:\/\/www.bucjudo.fr\/index.php?rest_route=%2Fwp%2Fv2%2Fcategories&post=2777"},{"taxonomy":"post_tag","embeddable":true,"href":"https:\/\/www.bucjudo.fr\/index.php?rest_route=%2Fwp%2Fv2%2Ftags&post=2777"}],"curies":[{"name":"wp","href":"https:\/\/api.w.org\/{rel}","templated":true}]}}