{"id":3171,"date":"2023-02-14T18:05:39","date_gmt":"2023-02-14T17:05:39","guid":{"rendered":"https:\/\/www.bucjudo.fr\/?p=3171"},"modified":"2023-02-14T18:05:39","modified_gmt":"2023-02-14T17:05:39","slug":"pre-poussins-coupe-de-pontchartrain-samedi-11-mars-2023","status":"publish","type":"post","link":"https:\/\/www.bucjudo.fr\/?p=3171","title":{"rendered":"Pr\u00e9 Poussins &#8211; Coupe de Pontchartrain &#8211; Samedi 11 Mars 2023"},"content":{"rendered":"\n<p class=\"has-text-align-center\">Le club de Jouars-Pontchartrain a le plaisir de nous inviter <\/p>\n\n\n\n<p class=\"has-text-align-center\">Pour les <strong>Pr\u00e9 Poussins (2015\/2016)<\/strong><br><strong>Samedi 11 Mars <\/strong>2023 \u00e0 <strong>9h00<\/strong><br>Dojo Jean Claude Allain <br>Gymnase Ph\u00e9lypeaux<br>Rue Louis Ph\u00e9lypeaux <br>78760 Jouars-Pontchartrain<\/p>\n\n\n\n<p class=\"has-text-align-center\"><strong>Pr\u00e9-inscriptions<\/strong>\u00a0uniquement pour les Pr\u00e9 Poussins (2015\/2016):<br><a href=\"https:\/\/forms.gle\/WGAuDPVM92uyAEgk9\" target=\"_blank\" rel=\"noreferrer noopener\">https:\/\/forms.gle\/WGAuDPVM92uyAEgk9<\/a><\/p>\n\n\n\n<iframe loading=\"lazy\" src=\"https:\/\/docs.google.com\/forms\/d\/e\/1FAIpQLSf_Gj07Um95iH093XBCgSNjA1TQ7WTaaHho5gEiX_PBmLrMjw\/viewform?embedded=true\" width=\"640\" height=\"939\" frameborder=\"0\" marginheight=\"0\" marginwidth=\"0\">Chargement\u2026<\/iframe>\n\n\n\n<iframe src=\"https:\/\/www.google.com\/maps\/embed?pb=!1m18!1m12!1m3!1d2627.93118034485!2d1.8941986156724002!3d48.80229207928194!2m3!1f0!2f0!3f0!3m2!1i1024!2i768!4f13.1!3m3!1m2!1s0x47e69b40f07141d7%3A0x5c41816331ff8cfe!2sGymnase%20Ph%C3%A9lypeaux!5e0!3m2!1sfr!2sfr!4v1676394149429!5m2!1sfr!2sfr\" width=\"600\" height=\"450\" style=\"border:0;\" allowfullscreen=\"\" loading=\"lazy\" referrerpolicy=\"no-referrer-when-downgrade\"><\/iframe>\n","protected":false},"excerpt":{"rendered":"<p>Le club de Jouars-Pontchartrain a le plaisir de nous inviter Pour les Pr\u00e9 Poussins (2015\/2016)Samedi 11 Mars 2023 \u00e0 9h00Dojo Jean Claude Allain Gymnase Ph\u00e9lypeauxRue Louis Ph\u00e9lypeaux 78760 Jouars-Pontchartrain Pr\u00e9-inscriptions\u00a0uniquement pour les Pr\u00e9 Poussins (2015\/2016):https:\/\/forms.gle\/WGAuDPVM92uyAEgk9 Chargement\u2026<\/p>\n","protected":false},"author":6,"featured_media":0,"comment_status":"closed","ping_status":"closed","sticky":false,"template":"","format":"standard","meta":{"_s2mail":"no","neve_meta_sidebar":"","neve_meta_container":"","neve_meta_enable_content_width":"","neve_meta_content_width":0,"neve_meta_title_alignment":"","neve_meta_author_avatar":"","neve_post_elements_order":"","neve_meta_disable_header":"","neve_meta_disable_footer":"","neve_meta_disable_title":"","_themeisle_gutenberg_block_has_review":false,"footnotes":""},"categories":[12],"tags":[],"class_list":["post-3171","post","type-post","status-publish","format-standard","hentry","category-competitons"],"jetpack_featured_media_url":"","_links":{"self":[{"href":"https:\/\/www.bucjudo.fr\/index.php?rest_route=\/wp\/v2\/posts\/3171","targetHints":{"allow":["GET"]}}],"collection":[{"href":"https:\/\/www.bucjudo.fr\/index.php?rest_route=\/wp\/v2\/posts"}],"about":[{"href":"https:\/\/www.bucjudo.fr\/index.php?rest_route=\/wp\/v2\/types\/post"}],"author":[{"embeddable":true,"href":"https:\/\/www.bucjudo.fr\/index.php?rest_route=\/wp\/v2\/users\/6"}],"replies":[{"embeddable":true,"href":"https:\/\/www.bucjudo.fr\/index.php?rest_route=%2Fwp%2Fv2%2Fcomments&post=3171"}],"version-history":[{"count":1,"href":"https:\/\/www.bucjudo.fr\/index.php?rest_route=\/wp\/v2\/posts\/3171\/revisions"}],"predecessor-version":[{"id":3172,"href":"https:\/\/www.bucjudo.fr\/index.php?rest_route=\/wp\/v2\/posts\/3171\/revisions\/3172"}],"wp:attachment":[{"href":"https:\/\/www.bucjudo.fr\/index.php?rest_route=%2Fwp%2Fv2%2Fmedia&parent=3171"}],"wp:term":[{"taxonomy":"category","embeddable":true,"href":"https:\/\/www.bucjudo.fr\/index.php?rest_route=%2Fwp%2Fv2%2Fcategories&post=3171"},{"taxonomy":"post_tag","embeddable":true,"href":"https:\/\/www.bucjudo.fr\/index.php?rest_route=%2Fwp%2Fv2%2Ftags&post=3171"}],"curies":[{"name":"wp","href":"https:\/\/api.w.org\/{rel}","templated":true}]}}