{"id":3676,"date":"2024-01-20T18:17:00","date_gmt":"2024-01-20T17:17:00","guid":{"rendered":"http:\/\/www.bucjudo.fr\/?p=3676"},"modified":"2025-01-17T16:24:53","modified_gmt":"2025-01-17T15:24:53","slug":"coupe-de-versailles-dimanche-31-mars-2024","status":"publish","type":"post","link":"https:\/\/www.bucjudo.fr\/?p=3676","title":{"rendered":"Coupe de Versailles &#8211; Dimanche 31 Mars 2024"},"content":{"rendered":"\n<p class=\"has-text-align-center\">Le club de Versailles a le plaisir de nous inviter pour le\u00a0<br><strong>Challenge des Jeunes Sylvain Mingasson<br>Dimanche 31 Mars 2024<br>Gymnase Montbauron<\/strong>\u00a0<br>(attention c\u2019est le\u00a02e gymnase)<br>2, rue J. Boyceau\u00a0<br>78000 VERSAILLES<\/p>\n\n\n\n<p><strong>Pr\u00e9-inscriptions<\/strong>\u00a0:<br><a href=\"https:\/\/forms.gle\/5drSwoRxKUBpj7hX7\" target=\"_blank\" rel=\"noreferrer noopener\">https:\/\/forms.gle\/5drSwoRxKUBpj7hX7<\/a><\/p>\n\n\n\n<figure class=\"wp-block-table\"><table><tbody><tr><td>Cat\u00e9gories matin<\/td><td>Poids<\/td><td>Pes\u00e9e<\/td><\/tr><tr><td>Benjamins Gar\u00e7ons (2012\/13)<\/td><td>\u2013 38kg<\/td><td>9h-9h15<\/td><\/tr><tr><td>Benjamins Gar\u00e7ons (2012\/13)<\/td><td>+38kg<\/td><td>9h30-9h45<\/td><\/tr><tr><td>Poussins Gar\u00e7ons et Filles (2014\/15)<\/td><td>\u2013 30kg<\/td><td>10h-10h15<\/td><\/tr><tr><td>Poussins Gar\u00e7ons et Filles (2014\/15)<\/td><td>+ 30kg<\/td><td>10h30-10h45<\/td><\/tr><\/tbody><\/table><\/figure>\n\n\n\n<figure class=\"wp-block-table\"><table><tbody><tr><td>Cat\u00e9gories d\u2019\u00e2ges apr\u00e8s-midi<\/td><td>Poids<\/td><td>Pes\u00e9e<\/td><\/tr><tr><td>Benjamines Filles (2012\/13)<\/td><td>Tous<\/td><td>13h-13h15<\/td><\/tr><tr><td>Minimes Gar\u00e7ons et Filles (2010\/11)<\/td><td>Tous<\/td><td>13h-13h15<\/td><\/tr><tr><td>Pr\u00e9-Poussins Gar\u00e7ons et Filles (2016\/17)<\/td><td>-24kg<\/td><td>14h15-14h30<\/td><\/tr><tr><td>Pr\u00e9-Poussins Gar\u00e7ons et Filles (2016\/17)<\/td><td>+24kg<\/td><td>15h15-14h30<\/td><\/tr><\/tbody><\/table><\/figure>\n\n\n\n<iframe loading=\"lazy\" src=\"https:\/\/docs.google.com\/forms\/d\/e\/1FAIpQLSf98kP3OtaWlvbPqNxKsJZC2cNDGdGyYMkHBjV3uH1psl3LSQ\/viewform?embedded=true\" width=\"640\" height=\"1091\" frameborder=\"0\" marginheight=\"0\" marginwidth=\"0\">Chargement\u2026<\/iframe>\n","protected":false},"excerpt":{"rendered":"<p>Le club de Versailles a le plaisir de nous inviter pour le\u00a0Challenge des Jeunes Sylvain MingassonDimanche 31 Mars 2024Gymnase Montbauron\u00a0(attention c\u2019est le\u00a02e gymnase)2, rue J. Boyceau\u00a078000 VERSAILLES Pr\u00e9-inscriptions\u00a0:https:\/\/forms.gle\/5drSwoRxKUBpj7hX7 Cat\u00e9gories matin Poids Pes\u00e9e Benjamins Gar\u00e7ons (2012\/13) \u2013 38kg 9h-9h15 Benjamins Gar\u00e7ons (2012\/13) +38kg 9h30-9h45 Poussins Gar\u00e7ons et Filles (2014\/15) \u2013 30kg 10h-10h15 Poussins Gar\u00e7ons et Filles&hellip;&nbsp;<a href=\"https:\/\/www.bucjudo.fr\/?p=3676\" rel=\"bookmark\"><span class=\"screen-reader-text\">Coupe de Versailles &#8211; Dimanche 31 Mars 2024<\/span><\/a><\/p>\n","protected":false},"author":6,"featured_media":0,"comment_status":"closed","ping_status":"closed","sticky":false,"template":"","format":"standard","meta":{"_s2mail":"","neve_meta_sidebar":"","neve_meta_container":"","neve_meta_enable_content_width":"","neve_meta_content_width":0,"neve_meta_title_alignment":"","neve_meta_author_avatar":"","neve_post_elements_order":"","neve_meta_disable_header":"","neve_meta_disable_footer":"","neve_meta_disable_title":"","_themeisle_gutenberg_block_has_review":false,"footnotes":""},"categories":[12],"tags":[],"class_list":["post-3676","post","type-post","status-publish","format-standard","hentry","category-competitons"],"jetpack_featured_media_url":"","_links":{"self":[{"href":"https:\/\/www.bucjudo.fr\/index.php?rest_route=\/wp\/v2\/posts\/3676","targetHints":{"allow":["GET"]}}],"collection":[{"href":"https:\/\/www.bucjudo.fr\/index.php?rest_route=\/wp\/v2\/posts"}],"about":[{"href":"https:\/\/www.bucjudo.fr\/index.php?rest_route=\/wp\/v2\/types\/post"}],"author":[{"embeddable":true,"href":"https:\/\/www.bucjudo.fr\/index.php?rest_route=\/wp\/v2\/users\/6"}],"replies":[{"embeddable":true,"href":"https:\/\/www.bucjudo.fr\/index.php?rest_route=%2Fwp%2Fv2%2Fcomments&post=3676"}],"version-history":[{"count":3,"href":"https:\/\/www.bucjudo.fr\/index.php?rest_route=\/wp\/v2\/posts\/3676\/revisions"}],"predecessor-version":[{"id":4020,"href":"https:\/\/www.bucjudo.fr\/index.php?rest_route=\/wp\/v2\/posts\/3676\/revisions\/4020"}],"wp:attachment":[{"href":"https:\/\/www.bucjudo.fr\/index.php?rest_route=%2Fwp%2Fv2%2Fmedia&parent=3676"}],"wp:term":[{"taxonomy":"category","embeddable":true,"href":"https:\/\/www.bucjudo.fr\/index.php?rest_route=%2Fwp%2Fv2%2Fcategories&post=3676"},{"taxonomy":"post_tag","embeddable":true,"href":"https:\/\/www.bucjudo.fr\/index.php?rest_route=%2Fwp%2Fv2%2Ftags&post=3676"}],"curies":[{"name":"wp","href":"https:\/\/api.w.org\/{rel}","templated":true}]}}