{"id":3679,"date":"2024-01-22T20:06:35","date_gmt":"2024-01-22T19:06:35","guid":{"rendered":"https:\/\/www.bucjudo.fr\/?p=3679"},"modified":"2024-01-22T20:06:35","modified_gmt":"2024-01-22T19:06:35","slug":"resultats-coupe-departementale","status":"publish","type":"post","link":"https:\/\/www.bucjudo.fr\/?p=3679","title":{"rendered":"R\u00e9sultats Coupe departementale"},"content":{"rendered":"\n<p>Belle comp\u00e9tition ce WE.Chez les Minimes, Alexis fait 7e et il perd en finale de rep\u00eachage. Pierre termine 9e juste un combat avant la finale de rep\u00eachage ! Dommage !<\/p>\n\n\n\n<p>Les Benjamins s&#8217;illustrent et montent tous sur le podium ! <br>Bautista  et Juliette finissent 3e,  Amandine 2e et&#8230;. MALOU 1ere! <div>Bravo<\/div><\/p>\n\n\n\n<figure class=\"wp-block-image size-large is-resized\"><a href=\"https:\/\/www.bucjudo.fr\/wp-content\/uploads\/2024\/01\/1000031709.jpg\"><img loading=\"lazy\" decoding=\"async\" src=\"https:\/\/www.bucjudo.fr\/wp-content\/uploads\/2024\/01\/1000031709-768x1024.jpg\" alt=\"\" class=\"wp-image-3680\" width=\"851\" height=\"1134\" srcset=\"https:\/\/www.bucjudo.fr\/wp-content\/uploads\/2024\/01\/1000031709-768x1024.jpg 768w, https:\/\/www.bucjudo.fr\/wp-content\/uploads\/2024\/01\/1000031709-225x300.jpg 225w, https:\/\/www.bucjudo.fr\/wp-content\/uploads\/2024\/01\/1000031709-1152x1536.jpg 1152w, https:\/\/www.bucjudo.fr\/wp-content\/uploads\/2024\/01\/1000031709.jpg 1536w\" sizes=\"auto, (max-width: 851px) 100vw, 851px\" \/><\/a><\/figure>\n\n\n\n<figure class=\"wp-block-gallery has-nested-images columns-default is-cropped wp-block-gallery-1 is-layout-flex wp-block-gallery-is-layout-flex\">\n<figure class=\"wp-block-image size-large\"><a href=\"https:\/\/www.bucjudo.fr\/wp-content\/uploads\/2024\/01\/1000031706.jpg\"><img loading=\"lazy\" decoding=\"async\" width=\"768\" height=\"1024\" data-id=\"3682\" src=\"https:\/\/www.bucjudo.fr\/wp-content\/uploads\/2024\/01\/1000031706-768x1024.jpg\" alt=\"\" class=\"wp-image-3682\" srcset=\"https:\/\/www.bucjudo.fr\/wp-content\/uploads\/2024\/01\/1000031706-768x1024.jpg 768w, https:\/\/www.bucjudo.fr\/wp-content\/uploads\/2024\/01\/1000031706-225x300.jpg 225w, https:\/\/www.bucjudo.fr\/wp-content\/uploads\/2024\/01\/1000031706-1152x1536.jpg 1152w, https:\/\/www.bucjudo.fr\/wp-content\/uploads\/2024\/01\/1000031706.jpg 1536w\" sizes=\"auto, (max-width: 768px) 100vw, 768px\" \/><\/a><\/figure>\n\n\n\n<figure class=\"wp-block-image size-large\"><a href=\"https:\/\/www.bucjudo.fr\/wp-content\/uploads\/2024\/01\/1000031703.jpg\"><img loading=\"lazy\" decoding=\"async\" width=\"768\" height=\"1024\" data-id=\"3681\" src=\"https:\/\/www.bucjudo.fr\/wp-content\/uploads\/2024\/01\/1000031703-768x1024.jpg\" alt=\"\" class=\"wp-image-3681\" srcset=\"https:\/\/www.bucjudo.fr\/wp-content\/uploads\/2024\/01\/1000031703-768x1024.jpg 768w, https:\/\/www.bucjudo.fr\/wp-content\/uploads\/2024\/01\/1000031703-225x300.jpg 225w, https:\/\/www.bucjudo.fr\/wp-content\/uploads\/2024\/01\/1000031703-1152x1536.jpg 1152w, https:\/\/www.bucjudo.fr\/wp-content\/uploads\/2024\/01\/1000031703.jpg 1536w\" sizes=\"auto, (max-width: 768px) 100vw, 768px\" \/><\/a><\/figure>\n\n\n\n<figure class=\"wp-block-image size-large\"><a href=\"https:\/\/www.bucjudo.fr\/wp-content\/uploads\/2024\/01\/1000031700.jpg\"><img loading=\"lazy\" decoding=\"async\" width=\"768\" height=\"1024\" data-id=\"3683\" src=\"https:\/\/www.bucjudo.fr\/wp-content\/uploads\/2024\/01\/1000031700-768x1024.jpg\" alt=\"\" class=\"wp-image-3683\" srcset=\"https:\/\/www.bucjudo.fr\/wp-content\/uploads\/2024\/01\/1000031700-768x1024.jpg 768w, https:\/\/www.bucjudo.fr\/wp-content\/uploads\/2024\/01\/1000031700-225x300.jpg 225w, https:\/\/www.bucjudo.fr\/wp-content\/uploads\/2024\/01\/1000031700-1152x1536.jpg 1152w, https:\/\/www.bucjudo.fr\/wp-content\/uploads\/2024\/01\/1000031700.jpg 1536w\" sizes=\"auto, (max-width: 768px) 100vw, 768px\" \/><\/a><\/figure>\n<\/figure>\n","protected":false},"excerpt":{"rendered":"<p>Belle comp\u00e9tition ce WE.Chez les Minimes, Alexis fait 7e et il perd en finale de rep\u00eachage. Pierre termine 9e juste un combat avant la finale de rep\u00eachage ! Dommage ! Les Benjamins s&#8217;illustrent et montent tous sur le podium ! Bautista et Juliette finissent 3e, Amandine 2e et&#8230;. MALOU 1ere! Bravo<\/p>\n","protected":false},"author":6,"featured_media":0,"comment_status":"closed","ping_status":"closed","sticky":false,"template":"","format":"standard","meta":{"_s2mail":"","neve_meta_sidebar":"","neve_meta_container":"","neve_meta_enable_content_width":"","neve_meta_content_width":0,"neve_meta_title_alignment":"","neve_meta_author_avatar":"","neve_post_elements_order":"","neve_meta_disable_header":"","neve_meta_disable_footer":"","neve_meta_disable_title":"","_themeisle_gutenberg_block_has_review":false,"footnotes":""},"categories":[12],"tags":[],"class_list":["post-3679","post","type-post","status-publish","format-standard","hentry","category-competitons"],"jetpack_featured_media_url":"","_links":{"self":[{"href":"https:\/\/www.bucjudo.fr\/index.php?rest_route=\/wp\/v2\/posts\/3679","targetHints":{"allow":["GET"]}}],"collection":[{"href":"https:\/\/www.bucjudo.fr\/index.php?rest_route=\/wp\/v2\/posts"}],"about":[{"href":"https:\/\/www.bucjudo.fr\/index.php?rest_route=\/wp\/v2\/types\/post"}],"author":[{"embeddable":true,"href":"https:\/\/www.bucjudo.fr\/index.php?rest_route=\/wp\/v2\/users\/6"}],"replies":[{"embeddable":true,"href":"https:\/\/www.bucjudo.fr\/index.php?rest_route=%2Fwp%2Fv2%2Fcomments&post=3679"}],"version-history":[{"count":2,"href":"https:\/\/www.bucjudo.fr\/index.php?rest_route=\/wp\/v2\/posts\/3679\/revisions"}],"predecessor-version":[{"id":3685,"href":"https:\/\/www.bucjudo.fr\/index.php?rest_route=\/wp\/v2\/posts\/3679\/revisions\/3685"}],"wp:attachment":[{"href":"https:\/\/www.bucjudo.fr\/index.php?rest_route=%2Fwp%2Fv2%2Fmedia&parent=3679"}],"wp:term":[{"taxonomy":"category","embeddable":true,"href":"https:\/\/www.bucjudo.fr\/index.php?rest_route=%2Fwp%2Fv2%2Fcategories&post=3679"},{"taxonomy":"post_tag","embeddable":true,"href":"https:\/\/www.bucjudo.fr\/index.php?rest_route=%2Fwp%2Fv2%2Ftags&post=3679"}],"curies":[{"name":"wp","href":"https:\/\/api.w.org\/{rel}","templated":true}]}}