{"id":3716,"date":"2024-03-10T21:56:52","date_gmt":"2024-03-10T20:56:52","guid":{"rendered":"https:\/\/www.bucjudo.fr\/?p=3716"},"modified":"2024-03-10T21:56:52","modified_gmt":"2024-03-10T20:56:52","slug":"girl-power","status":"publish","type":"post","link":"https:\/\/www.bucjudo.fr\/?p=3716","title":{"rendered":"Girl power"},"content":{"rendered":"\n<p>Nos judokates benjamins se sont illustr\u00e9es lors de la finale d\u00e9partementale aujourd&#8217;hui.<br>Juliette 9e en -40kg sur 19<br>Amandine 9e en -52kg sur 13<br>Malou 2e en -40kg sur 19 malgr\u00e9 un changement de cat\u00e9gorie !<\/p>\n\n\n\n<p>Bravo &#x1f44f;<\/p>\n\n\n\n<figure class=\"wp-block-image size-large\"><a href=\"https:\/\/www.bucjudo.fr\/wp-content\/uploads\/2024\/03\/1000033360.jpg\"><img loading=\"lazy\" decoding=\"async\" width=\"768\" height=\"1024\" src=\"https:\/\/www.bucjudo.fr\/wp-content\/uploads\/2024\/03\/1000033360-768x1024.jpg\" alt=\"\" class=\"wp-image-3717\" srcset=\"https:\/\/www.bucjudo.fr\/wp-content\/uploads\/2024\/03\/1000033360-768x1024.jpg 768w, https:\/\/www.bucjudo.fr\/wp-content\/uploads\/2024\/03\/1000033360-225x300.jpg 225w, https:\/\/www.bucjudo.fr\/wp-content\/uploads\/2024\/03\/1000033360-1152x1536.jpg 1152w, https:\/\/www.bucjudo.fr\/wp-content\/uploads\/2024\/03\/1000033360.jpg 1536w\" sizes=\"auto, (max-width: 768px) 100vw, 768px\" \/><\/a><\/figure>\n\n\n\n<p>J&#8217;en profite aussi pour saluer les premiers points de Julien lors de son premier Shiai. C&#8217;est une comp\u00e9tition officielle dont les points gagn\u00e9s permettent d&#8217;obtenir une partie de la ceinture noire.<\/p>\n\n\n\n<figure class=\"wp-block-video\"><video controls src=\"https:\/\/www.bucjudo.fr\/wp-content\/uploads\/2024\/03\/1000033361.mp4\"><\/video><\/figure>\n\n\n\n<p>Merci \u00e0 Pascal pour l&#8217;accompagnement tout au long de ce week-end et bien s\u00fbr lors des entra\u00eenement ! <\/p>\n","protected":false},"excerpt":{"rendered":"<p>Nos judokates benjamins se sont illustr\u00e9es lors de la finale d\u00e9partementale aujourd&#8217;hui.Juliette 9e en -40kg sur 19Amandine 9e en -52kg sur 13Malou 2e en -40kg sur 19 malgr\u00e9 un changement de cat\u00e9gorie ! Bravo &#x1f44f; J&#8217;en profite aussi pour saluer les premiers points de Julien lors de son premier Shiai. C&#8217;est une comp\u00e9tition officielle dont&hellip;&nbsp;<a href=\"https:\/\/www.bucjudo.fr\/?p=3716\" rel=\"bookmark\"><span class=\"screen-reader-text\">Girl power<\/span><\/a><\/p>\n","protected":false},"author":6,"featured_media":0,"comment_status":"closed","ping_status":"closed","sticky":false,"template":"","format":"standard","meta":{"_s2mail":"","neve_meta_sidebar":"","neve_meta_container":"","neve_meta_enable_content_width":"","neve_meta_content_width":0,"neve_meta_title_alignment":"","neve_meta_author_avatar":"","neve_post_elements_order":"","neve_meta_disable_header":"","neve_meta_disable_footer":"","neve_meta_disable_title":"","_themeisle_gutenberg_block_has_review":false,"footnotes":""},"categories":[12],"tags":[],"class_list":["post-3716","post","type-post","status-publish","format-standard","hentry","category-competitons"],"jetpack_featured_media_url":"","_links":{"self":[{"href":"https:\/\/www.bucjudo.fr\/index.php?rest_route=\/wp\/v2\/posts\/3716","targetHints":{"allow":["GET"]}}],"collection":[{"href":"https:\/\/www.bucjudo.fr\/index.php?rest_route=\/wp\/v2\/posts"}],"about":[{"href":"https:\/\/www.bucjudo.fr\/index.php?rest_route=\/wp\/v2\/types\/post"}],"author":[{"embeddable":true,"href":"https:\/\/www.bucjudo.fr\/index.php?rest_route=\/wp\/v2\/users\/6"}],"replies":[{"embeddable":true,"href":"https:\/\/www.bucjudo.fr\/index.php?rest_route=%2Fwp%2Fv2%2Fcomments&post=3716"}],"version-history":[{"count":1,"href":"https:\/\/www.bucjudo.fr\/index.php?rest_route=\/wp\/v2\/posts\/3716\/revisions"}],"predecessor-version":[{"id":3719,"href":"https:\/\/www.bucjudo.fr\/index.php?rest_route=\/wp\/v2\/posts\/3716\/revisions\/3719"}],"wp:attachment":[{"href":"https:\/\/www.bucjudo.fr\/index.php?rest_route=%2Fwp%2Fv2%2Fmedia&parent=3716"}],"wp:term":[{"taxonomy":"category","embeddable":true,"href":"https:\/\/www.bucjudo.fr\/index.php?rest_route=%2Fwp%2Fv2%2Fcategories&post=3716"},{"taxonomy":"post_tag","embeddable":true,"href":"https:\/\/www.bucjudo.fr\/index.php?rest_route=%2Fwp%2Fv2%2Ftags&post=3716"}],"curies":[{"name":"wp","href":"https:\/\/api.w.org\/{rel}","templated":true}]}}