{"id":3781,"date":"2024-05-05T22:22:29","date_gmt":"2024-05-05T20:22:29","guid":{"rendered":"https:\/\/www.bucjudo.fr\/?p=3781"},"modified":"2024-05-05T22:22:29","modified_gmt":"2024-05-05T20:22:29","slug":"resultats-competion-adultes","status":"publish","type":"post","link":"https:\/\/www.bucjudo.fr\/?p=3781","title":{"rendered":"R\u00e9sultats comp\u00e9tion adultes"},"content":{"rendered":"\n<p>Saluons Camille &#x1f947;et Julien &#x1f949;qui ont particip\u00e9 \u00e0 la coupe des ceintures de couleurs. Il s&#8217;agit d&#8217;une comp\u00e9tition officielle qui compte pour l&#8217;obtention de la ceinture noire.<\/p>\n\n\n\n<figure class=\"wp-block-gallery has-nested-images columns-default is-cropped wp-block-gallery-1 is-layout-flex wp-block-gallery-is-layout-flex\">\n<figure class=\"wp-block-image size-large\"><a href=\"https:\/\/www.bucjudo.fr\/wp-content\/uploads\/2024\/05\/1000038232.jpg\"><img loading=\"lazy\" decoding=\"async\" width=\"768\" height=\"1024\" data-id=\"3782\" src=\"https:\/\/www.bucjudo.fr\/wp-content\/uploads\/2024\/05\/1000038232-768x1024.jpg\" alt=\"\" class=\"wp-image-3782\" srcset=\"https:\/\/www.bucjudo.fr\/wp-content\/uploads\/2024\/05\/1000038232-768x1024.jpg 768w, https:\/\/www.bucjudo.fr\/wp-content\/uploads\/2024\/05\/1000038232-225x300.jpg 225w, https:\/\/www.bucjudo.fr\/wp-content\/uploads\/2024\/05\/1000038232.jpg 1062w\" sizes=\"auto, (max-width: 768px) 100vw, 768px\" \/><\/a><\/figure>\n\n\n\n<figure class=\"wp-block-image size-large\"><a href=\"https:\/\/www.bucjudo.fr\/wp-content\/uploads\/2024\/05\/1000038210.jpg\"><img loading=\"lazy\" decoding=\"async\" width=\"1024\" height=\"576\" data-id=\"3783\" src=\"https:\/\/www.bucjudo.fr\/wp-content\/uploads\/2024\/05\/1000038210-1024x576.jpg\" alt=\"\" class=\"wp-image-3783\" srcset=\"https:\/\/www.bucjudo.fr\/wp-content\/uploads\/2024\/05\/1000038210-1024x576.jpg 1024w, https:\/\/www.bucjudo.fr\/wp-content\/uploads\/2024\/05\/1000038210-300x169.jpg 300w, https:\/\/www.bucjudo.fr\/wp-content\/uploads\/2024\/05\/1000038210-768x432.jpg 768w, https:\/\/www.bucjudo.fr\/wp-content\/uploads\/2024\/05\/1000038210-1536x864.jpg 1536w, https:\/\/www.bucjudo.fr\/wp-content\/uploads\/2024\/05\/1000038210.jpg 1600w\" sizes=\"auto, (max-width: 1024px) 100vw, 1024px\" \/><\/a><\/figure>\n\n\n\n<figure class=\"wp-block-image size-large\"><a href=\"https:\/\/www.bucjudo.fr\/wp-content\/uploads\/2024\/05\/1000038233.jpg\"><img loading=\"lazy\" decoding=\"async\" width=\"768\" height=\"1024\" data-id=\"3784\" src=\"https:\/\/www.bucjudo.fr\/wp-content\/uploads\/2024\/05\/1000038233-768x1024.jpg\" alt=\"\" class=\"wp-image-3784\" srcset=\"https:\/\/www.bucjudo.fr\/wp-content\/uploads\/2024\/05\/1000038233-768x1024.jpg 768w, https:\/\/www.bucjudo.fr\/wp-content\/uploads\/2024\/05\/1000038233-225x300.jpg 225w, https:\/\/www.bucjudo.fr\/wp-content\/uploads\/2024\/05\/1000038233.jpg 1062w\" sizes=\"auto, (max-width: 768px) 100vw, 768px\" \/><\/a><\/figure>\n<\/figure>\n\n\n\n<figure class=\"wp-block-video\"><video controls src=\"https:\/\/www.bucjudo.fr\/wp-content\/uploads\/2024\/05\/1000038240.mp4\"><\/video><figcaption>Camille en Or ! <\/figcaption><\/figure>\n\n\n\n<p>Sur le m\u00eame \u00e9v\u00e9nement Pascal et Arnaud valident la partie pratique de commissaire sportif en vue de l&#8217;obtention de la ceinture noire&#8230;<\/p>\n\n\n\n<figure class=\"wp-block-gallery has-nested-images columns-default is-cropped wp-block-gallery-2 is-layout-flex wp-block-gallery-is-layout-flex\">\n<figure class=\"wp-block-image size-large\"><a href=\"https:\/\/www.bucjudo.fr\/wp-content\/uploads\/2024\/05\/1000038219.jpg\"><img loading=\"lazy\" decoding=\"async\" width=\"1024\" height=\"768\" data-id=\"3786\" src=\"https:\/\/www.bucjudo.fr\/wp-content\/uploads\/2024\/05\/1000038219-1024x768.jpg\" alt=\"\" class=\"wp-image-3786\" srcset=\"https:\/\/www.bucjudo.fr\/wp-content\/uploads\/2024\/05\/1000038219-1024x768.jpg 1024w, https:\/\/www.bucjudo.fr\/wp-content\/uploads\/2024\/05\/1000038219-300x225.jpg 300w, https:\/\/www.bucjudo.fr\/wp-content\/uploads\/2024\/05\/1000038219-768x576.jpg 768w, https:\/\/www.bucjudo.fr\/wp-content\/uploads\/2024\/05\/1000038219-1536x1152.jpg 1536w, https:\/\/www.bucjudo.fr\/wp-content\/uploads\/2024\/05\/1000038219.jpg 2048w\" sizes=\"auto, (max-width: 1024px) 100vw, 1024px\" \/><\/a><\/figure>\n<\/figure>\n\n\n\n<p>Merci \u00e0 Pascal pour son accompagnement aujourd&#8217;hui et tout au long de la saison vers ces r\u00e9sultats&#8230; Bient\u00f4t de nous elles ceintures noires au Club ! Merci \u00e9galement aux organisateurs b\u00e9n\u00e9voles du Club de Montigny &#x1f609;<\/p>\n","protected":false},"excerpt":{"rendered":"<p>Saluons Camille &#x1f947;et Julien &#x1f949;qui ont particip\u00e9 \u00e0 la coupe des ceintures de couleurs. Il s&#8217;agit d&#8217;une comp\u00e9tition officielle qui compte pour l&#8217;obtention de la ceinture noire. Sur le m\u00eame \u00e9v\u00e9nement Pascal et Arnaud valident la partie pratique de commissaire sportif en vue de l&#8217;obtention de la ceinture noire&#8230; Merci \u00e0 Pascal pour son accompagnement&hellip;&nbsp;<a href=\"https:\/\/www.bucjudo.fr\/?p=3781\" rel=\"bookmark\"><span class=\"screen-reader-text\">R\u00e9sultats comp\u00e9tion adultes<\/span><\/a><\/p>\n","protected":false},"author":6,"featured_media":0,"comment_status":"closed","ping_status":"closed","sticky":false,"template":"","format":"standard","meta":{"_s2mail":"","neve_meta_sidebar":"","neve_meta_container":"","neve_meta_enable_content_width":"","neve_meta_content_width":0,"neve_meta_title_alignment":"","neve_meta_author_avatar":"","neve_post_elements_order":"","neve_meta_disable_header":"","neve_meta_disable_footer":"","neve_meta_disable_title":"","_themeisle_gutenberg_block_has_review":false,"footnotes":""},"categories":[12],"tags":[],"class_list":["post-3781","post","type-post","status-publish","format-standard","hentry","category-competitons"],"jetpack_featured_media_url":"","_links":{"self":[{"href":"https:\/\/www.bucjudo.fr\/index.php?rest_route=\/wp\/v2\/posts\/3781","targetHints":{"allow":["GET"]}}],"collection":[{"href":"https:\/\/www.bucjudo.fr\/index.php?rest_route=\/wp\/v2\/posts"}],"about":[{"href":"https:\/\/www.bucjudo.fr\/index.php?rest_route=\/wp\/v2\/types\/post"}],"author":[{"embeddable":true,"href":"https:\/\/www.bucjudo.fr\/index.php?rest_route=\/wp\/v2\/users\/6"}],"replies":[{"embeddable":true,"href":"https:\/\/www.bucjudo.fr\/index.php?rest_route=%2Fwp%2Fv2%2Fcomments&post=3781"}],"version-history":[{"count":1,"href":"https:\/\/www.bucjudo.fr\/index.php?rest_route=\/wp\/v2\/posts\/3781\/revisions"}],"predecessor-version":[{"id":3787,"href":"https:\/\/www.bucjudo.fr\/index.php?rest_route=\/wp\/v2\/posts\/3781\/revisions\/3787"}],"wp:attachment":[{"href":"https:\/\/www.bucjudo.fr\/index.php?rest_route=%2Fwp%2Fv2%2Fmedia&parent=3781"}],"wp:term":[{"taxonomy":"category","embeddable":true,"href":"https:\/\/www.bucjudo.fr\/index.php?rest_route=%2Fwp%2Fv2%2Fcategories&post=3781"},{"taxonomy":"post_tag","embeddable":true,"href":"https:\/\/www.bucjudo.fr\/index.php?rest_route=%2Fwp%2Fv2%2Ftags&post=3781"}],"curies":[{"name":"wp","href":"https:\/\/api.w.org\/{rel}","templated":true}]}}