{"id":3897,"date":"2024-06-09T19:18:15","date_gmt":"2024-06-09T17:18:15","guid":{"rendered":"https:\/\/www.bucjudo.fr\/?p=3897"},"modified":"2024-06-09T19:18:15","modified_gmt":"2024-06-09T17:18:15","slug":"assemblee-generale-ordinaire-2024","status":"publish","type":"post","link":"https:\/\/www.bucjudo.fr\/?p=3897","title":{"rendered":"Assembl\u00e9e G\u00e9n\u00e9rale Ordinaire 2024"},"content":{"rendered":"\n<p>Les membres de l&#8217;association sont amicalement convoqu\u00e9s le <strong>Mercredi 12 Juin<\/strong> \u00e0 <strong>19h<\/strong> dans le dojo du gymnase S Veil pour l&#8217;Assembl\u00e9e g\u00e9n\u00e9rale ordinaire de l&#8217;AOBuc Judo. L&#8217;assembl\u00e9e se d\u00e9roulera apr\u00e8s le cours des enfants avant le cours de Taiso. Le Taiso aura bien lieu ce jour l\u00e0 mais commencera un peu plus tard vers 19h30-45. Nous terminerons la soir\u00e9e par un moment de convivialit\u00e9.<\/p>\n\n\n\n<p>Il est \u00e9galement possible de donner pouvoir \u00e0 un autre membre pr\u00e9sent (dans la limite de 5 pouvoir par personne). Les mineurs inscrits de moins de 13 ans sont repr\u00e9sent\u00e9s par leurs parents. A partir de 14 ans les jeunes expriment leur vote directement.<\/p>\n\n\n\n<p class=\"has-text-align-center\">A l&#8217;ordre du jour:<\/p>\n\n\n\n<p class=\"has-text-align-center\">A &#8211; Bilan moral,<br>B &#8211; Bilan financier,<br>C &#8211; Election des membres du Comit\u00e9 Directeur,<br>D &#8211; Budget de l\u2019association,<br>E &#8211; Questions diverses (non soumis au vote).<\/p>\n\n\n\n<div data-wp-interactive=\"core\/file\" class=\"wp-block-file\"><object data-wp-bind--hidden=\"!state.hasPdfPreview\" hidden class=\"wp-block-file__embed\" data=\"https:\/\/www.bucjudo.fr\/wp-content\/uploads\/2024\/06\/ProcurationAG-Judo-2024-.pdf\" type=\"application\/pdf\" style=\"width:100%;height:600px\" aria-label=\"Contenu embarqu\u00e9 Contenu embarqu\u00e9 ProcurationAG-Judo-2024-..\"><\/object><a id=\"wp-block-file--media-28ba1c8d-4b55-4b27-bd6f-a2f30b277396\" href=\"https:\/\/www.bucjudo.fr\/wp-content\/uploads\/2024\/06\/ProcurationAG-Judo-2024-.pdf\">ProcurationAG-Judo-2024-<\/a><a href=\"https:\/\/www.bucjudo.fr\/wp-content\/uploads\/2024\/06\/ProcurationAG-Judo-2024-.pdf\" class=\"wp-block-file__button\" download aria-describedby=\"wp-block-file--media-28ba1c8d-4b55-4b27-bd6f-a2f30b277396\">T\u00e9l\u00e9charger<\/a><\/div>\n","protected":false},"excerpt":{"rendered":"<p>Les membres de l&#8217;association sont amicalement convoqu\u00e9s le Mercredi 12 Juin \u00e0 19h dans le dojo du gymnase S Veil pour l&#8217;Assembl\u00e9e g\u00e9n\u00e9rale ordinaire de l&#8217;AOBuc Judo. L&#8217;assembl\u00e9e se d\u00e9roulera apr\u00e8s le cours des enfants avant le cours de Taiso. Le Taiso aura bien lieu ce jour l\u00e0 mais commencera un peu plus tard vers&hellip;&nbsp;<a href=\"https:\/\/www.bucjudo.fr\/?p=3897\" rel=\"bookmark\"><span class=\"screen-reader-text\">Assembl\u00e9e G\u00e9n\u00e9rale Ordinaire 2024<\/span><\/a><\/p>\n","protected":false},"author":6,"featured_media":0,"comment_status":"closed","ping_status":"closed","sticky":false,"template":"","format":"standard","meta":{"_s2mail":"","neve_meta_sidebar":"","neve_meta_container":"","neve_meta_enable_content_width":"","neve_meta_content_width":0,"neve_meta_title_alignment":"","neve_meta_author_avatar":"","neve_post_elements_order":"","neve_meta_disable_header":"","neve_meta_disable_footer":"","neve_meta_disable_title":"","_themeisle_gutenberg_block_has_review":false,"footnotes":""},"categories":[13],"tags":[],"class_list":["post-3897","post","type-post","status-publish","format-standard","hentry","category-association"],"jetpack_featured_media_url":"","_links":{"self":[{"href":"https:\/\/www.bucjudo.fr\/index.php?rest_route=\/wp\/v2\/posts\/3897","targetHints":{"allow":["GET"]}}],"collection":[{"href":"https:\/\/www.bucjudo.fr\/index.php?rest_route=\/wp\/v2\/posts"}],"about":[{"href":"https:\/\/www.bucjudo.fr\/index.php?rest_route=\/wp\/v2\/types\/post"}],"author":[{"embeddable":true,"href":"https:\/\/www.bucjudo.fr\/index.php?rest_route=\/wp\/v2\/users\/6"}],"replies":[{"embeddable":true,"href":"https:\/\/www.bucjudo.fr\/index.php?rest_route=%2Fwp%2Fv2%2Fcomments&post=3897"}],"version-history":[{"count":3,"href":"https:\/\/www.bucjudo.fr\/index.php?rest_route=\/wp\/v2\/posts\/3897\/revisions"}],"predecessor-version":[{"id":3942,"href":"https:\/\/www.bucjudo.fr\/index.php?rest_route=\/wp\/v2\/posts\/3897\/revisions\/3942"}],"wp:attachment":[{"href":"https:\/\/www.bucjudo.fr\/index.php?rest_route=%2Fwp%2Fv2%2Fmedia&parent=3897"}],"wp:term":[{"taxonomy":"category","embeddable":true,"href":"https:\/\/www.bucjudo.fr\/index.php?rest_route=%2Fwp%2Fv2%2Fcategories&post=3897"},{"taxonomy":"post_tag","embeddable":true,"href":"https:\/\/www.bucjudo.fr\/index.php?rest_route=%2Fwp%2Fv2%2Ftags&post=3897"}],"curies":[{"name":"wp","href":"https:\/\/api.w.org\/{rel}","templated":true}]}}