{"id":3977,"date":"2024-12-08T19:27:38","date_gmt":"2024-12-08T18:27:38","guid":{"rendered":"https:\/\/www.bucjudo.fr\/?p=3977"},"modified":"2024-12-08T19:27:38","modified_gmt":"2024-12-08T18:27:38","slug":"60-ans-de-judo-aux-jeux-olympiques-depuis-1964","status":"publish","type":"post","link":"https:\/\/www.bucjudo.fr\/?p=3977","title":{"rendered":"60 ans de judo aux Jeux Olympiques depuis 1964"},"content":{"rendered":"\n<p>Pascal, notre professeur de judo\/ta\u00efso, a\u00a0le plaisir de vous annoncer la publication de son premier ouvrage intitul\u00e9 :<br><br>\u00a0 \u00a0 \u00a0 \u00a0 \u00a0 \u00a0 \u00a0 \u00a0 <strong><em>\u00a0 &#8221; 60 ans de judo aux Jeux Olympiques depuis 1964 &#8220;<\/em><\/strong><\/p>\n\n\n<div class=\"wp-block-image\">\n<figure class=\"aligncenter size-full\"><a href=\"https:\/\/www.bucjudo.fr\/wp-content\/uploads\/2024\/12\/BokPG.png\"><img loading=\"lazy\" decoding=\"async\" width=\"304\" height=\"448\" src=\"https:\/\/www.bucjudo.fr\/wp-content\/uploads\/2024\/12\/BokPG.png\" alt=\"\" class=\"wp-image-3978\" srcset=\"https:\/\/www.bucjudo.fr\/wp-content\/uploads\/2024\/12\/BokPG.png 304w, https:\/\/www.bucjudo.fr\/wp-content\/uploads\/2024\/12\/BokPG-204x300.png 204w\" sizes=\"auto, (max-width: 304px) 100vw, 304px\" \/><\/a><\/figure><\/div>\n\n\n<p>Le livre de 121 pages traite de l&#8217;\u00e9pop\u00e9e olympique depuis sa premi\u00e8re \u00e9dition \u00e0 Tokyo en 1964 jusqu&#8217;\u00e0 Paris 2024.<\/p>\n\n\n\n<p>Vous pourrez consulter la liste des noms de tous\u00a0les m\u00e9daill\u00e9s olympiques depuis la premi\u00e8re \u00e9dition, ainsi que l&#8217;ensemble des\u00a0 judokas m\u00e9daill\u00e9s par pays alphab\u00e9tiques, les records de m\u00e9dailles, les r\u00e9sultats complets des 15 sessions olympiques chez les masculins et les f\u00e9minines, et des commentaires et\u00a0anecdotes sur les champions.<br><br>Si vous \u00eates un passionn\u00e9 du sport, du judo en particulier, de la performance et des exploits des champions, et si vous souhaitez enrichir vos r\u00e9f\u00e9rences et votre culture judo,<br>alors procurez vous au plus vite cet ouvrage tr\u00e8s complet.<\/p>\n\n\n\n<p>C&#8217;est une bonne id\u00e9e de cadeau pour No\u00ebl, et Pascal se fera un plaisir de vous le d\u00e9dicacer.<br><br>Vous trouverez ci-dessous le lien permettant d&#8217;acc\u00e9der \u00e0 l&#8217;ouvrage et le commander :<br><br><a rel=\"noreferrer noopener\" href=\"http:\/\/www.amazon.fr\/dp\/B0DNKKKH4C\/ref=sr_1_1?__mk_fr_FR=%C3%85M%C3%85%C5%BD%C3%95%C3%91&amp;crid=3RQVQV1M0I09W&amp;dib=eyJ2IjoiMSJ9.lM-zu1KmZQSEZxMCFp_PXQ.ZkSMWiusttnLINQeuGpdpPxGVh3CEhUdZCGyu736Lf4&amp;dib_tag=se&amp;keywords=60+ans+de+judo+aux+jeux+olympiques&amp;nsdOptOutParam=true&amp;qid=1732179339&amp;sprefix=60+ans+de+judo+aux+jeux+olympiques%2Caps%2C63&amp;sr=8-1\" target=\"_blank\">http:\/\/www.amazon.fr\/dp\/B0DNKKKH4C\/ref=sr_1_1?__mk_fr_FR=%C3%85M%C3%85%C5%BD%C3%95%C3%91&amp;crid=3RQVQV1M0I09W&amp;dib=eyJ2IjoiMSJ9.lM-zu1KmZQSEZxMCFp_PXQ.ZkSMWiusttnLINQeuGpdpPxGVh3CEhUdZCGyu736Lf4&amp;dib_tag=se&amp;keywords=60+ans+de+judo+aux+jeux+olympiques&amp;nsdOptOutParam=true&amp;qid=1732179339&amp;sprefix=60+ans+de+judo+aux+jeux+olympiques%2Caps%2C63&amp;sr=8-1<\/a>\u200c<br><\/p>\n","protected":false},"excerpt":{"rendered":"<p>Pascal, notre professeur de judo\/ta\u00efso, a\u00a0le plaisir de vous annoncer la publication de son premier ouvrage intitul\u00e9 : \u00a0 \u00a0 \u00a0 \u00a0 \u00a0 \u00a0 \u00a0 \u00a0 \u00a0 &#8221; 60 ans de judo aux Jeux Olympiques depuis 1964 &#8220; Le livre de 121 pages traite de l&#8217;\u00e9pop\u00e9e olympique depuis sa premi\u00e8re \u00e9dition \u00e0 Tokyo en 1964&hellip;&nbsp;<a href=\"https:\/\/www.bucjudo.fr\/?p=3977\" rel=\"bookmark\"><span class=\"screen-reader-text\">60 ans de judo aux Jeux Olympiques depuis 1964<\/span><\/a><\/p>\n","protected":false},"author":6,"featured_media":0,"comment_status":"closed","ping_status":"closed","sticky":false,"template":"","format":"standard","meta":{"_s2mail":"","neve_meta_sidebar":"","neve_meta_container":"","neve_meta_enable_content_width":"","neve_meta_content_width":0,"neve_meta_title_alignment":"","neve_meta_author_avatar":"","neve_post_elements_order":"","neve_meta_disable_header":"","neve_meta_disable_footer":"","neve_meta_disable_title":"","_themeisle_gutenberg_block_has_review":false,"footnotes":""},"categories":[1],"tags":[],"class_list":["post-3977","post","type-post","status-publish","format-standard","hentry","category-non-classe"],"jetpack_featured_media_url":"","_links":{"self":[{"href":"https:\/\/www.bucjudo.fr\/index.php?rest_route=\/wp\/v2\/posts\/3977","targetHints":{"allow":["GET"]}}],"collection":[{"href":"https:\/\/www.bucjudo.fr\/index.php?rest_route=\/wp\/v2\/posts"}],"about":[{"href":"https:\/\/www.bucjudo.fr\/index.php?rest_route=\/wp\/v2\/types\/post"}],"author":[{"embeddable":true,"href":"https:\/\/www.bucjudo.fr\/index.php?rest_route=\/wp\/v2\/users\/6"}],"replies":[{"embeddable":true,"href":"https:\/\/www.bucjudo.fr\/index.php?rest_route=%2Fwp%2Fv2%2Fcomments&post=3977"}],"version-history":[{"count":1,"href":"https:\/\/www.bucjudo.fr\/index.php?rest_route=\/wp\/v2\/posts\/3977\/revisions"}],"predecessor-version":[{"id":3979,"href":"https:\/\/www.bucjudo.fr\/index.php?rest_route=\/wp\/v2\/posts\/3977\/revisions\/3979"}],"wp:attachment":[{"href":"https:\/\/www.bucjudo.fr\/index.php?rest_route=%2Fwp%2Fv2%2Fmedia&parent=3977"}],"wp:term":[{"taxonomy":"category","embeddable":true,"href":"https:\/\/www.bucjudo.fr\/index.php?rest_route=%2Fwp%2Fv2%2Fcategories&post=3977"},{"taxonomy":"post_tag","embeddable":true,"href":"https:\/\/www.bucjudo.fr\/index.php?rest_route=%2Fwp%2Fv2%2Ftags&post=3977"}],"curies":[{"name":"wp","href":"https:\/\/api.w.org\/{rel}","templated":true}]}}