{"id":3985,"date":"2025-01-07T00:13:43","date_gmt":"2025-01-06T23:13:43","guid":{"rendered":"https:\/\/www.bucjudo.fr\/?p=3985"},"modified":"2025-12-19T10:37:59","modified_gmt":"2025-12-19T09:37:59","slug":"coupe-departementale-minimes-2011-2012","status":"publish","type":"post","link":"https:\/\/www.bucjudo.fr\/?p=3985","title":{"rendered":"Coupe d\u00e9partementale Minimes (2011-2012)"},"content":{"rendered":"\n<p class=\"has-text-align-center\">Le Dimanche 19 Janvier<br>Complexe Sportif Piere Mazeaud<br>Rue de Lattre de Tassigny<br>78210 Saint Cyr l\u2019Ecole<br><br>Pr\u00e9 inscriptions aupr\u00e8s de Pascal<\/p>\n\n\n\n<figure class=\"wp-block-table\"><table><tbody><tr><td>Cat\u00e9gories Gar\u00e7ons<\/td><td>Pes\u00e9e<\/td><td>Combats<\/td><\/tr><tr><td>-34kg \u00e0 -46kg<\/td><td>8h-8h30<\/td><td>8h45<\/td><\/tr><tr><td>-50kg \u00e0 +73kg<\/td><td>9h15-9h45<\/td><td>10h<\/td><\/tr><tr><td>Cat\u00e9gories Filles<\/td><td><\/td><td><\/td><\/tr><tr><td>Toutes cat\u00e9gories<\/td><td>11h15-11h45<\/td><td>12h<\/td><\/tr><\/tbody><\/table><\/figure>\n","protected":false},"excerpt":{"rendered":"<p>Le Dimanche 19 JanvierComplexe Sportif Piere MazeaudRue de Lattre de Tassigny78210 Saint Cyr l\u2019Ecole Pr\u00e9 inscriptions aupr\u00e8s de Pascal Cat\u00e9gories Gar\u00e7ons Pes\u00e9e Combats -34kg \u00e0 -46kg 8h-8h30 8h45 -50kg \u00e0 +73kg 9h15-9h45 10h Cat\u00e9gories Filles Toutes cat\u00e9gories 11h15-11h45 12h<\/p>\n","protected":false},"author":6,"featured_media":0,"comment_status":"closed","ping_status":"closed","sticky":false,"template":"","format":"standard","meta":{"_s2mail":"","neve_meta_sidebar":"","neve_meta_container":"","neve_meta_enable_content_width":"","neve_meta_content_width":0,"neve_meta_title_alignment":"","neve_meta_author_avatar":"","neve_post_elements_order":"","neve_meta_disable_header":"","neve_meta_disable_footer":"","neve_meta_disable_title":"","_themeisle_gutenberg_block_has_review":false,"footnotes":""},"categories":[12],"tags":[],"class_list":["post-3985","post","type-post","status-publish","format-standard","hentry","category-competitons"],"jetpack_featured_media_url":"","_links":{"self":[{"href":"https:\/\/www.bucjudo.fr\/index.php?rest_route=\/wp\/v2\/posts\/3985","targetHints":{"allow":["GET"]}}],"collection":[{"href":"https:\/\/www.bucjudo.fr\/index.php?rest_route=\/wp\/v2\/posts"}],"about":[{"href":"https:\/\/www.bucjudo.fr\/index.php?rest_route=\/wp\/v2\/types\/post"}],"author":[{"embeddable":true,"href":"https:\/\/www.bucjudo.fr\/index.php?rest_route=\/wp\/v2\/users\/6"}],"replies":[{"embeddable":true,"href":"https:\/\/www.bucjudo.fr\/index.php?rest_route=%2Fwp%2Fv2%2Fcomments&post=3985"}],"version-history":[{"count":1,"href":"https:\/\/www.bucjudo.fr\/index.php?rest_route=\/wp\/v2\/posts\/3985\/revisions"}],"predecessor-version":[{"id":3986,"href":"https:\/\/www.bucjudo.fr\/index.php?rest_route=\/wp\/v2\/posts\/3985\/revisions\/3986"}],"wp:attachment":[{"href":"https:\/\/www.bucjudo.fr\/index.php?rest_route=%2Fwp%2Fv2%2Fmedia&parent=3985"}],"wp:term":[{"taxonomy":"category","embeddable":true,"href":"https:\/\/www.bucjudo.fr\/index.php?rest_route=%2Fwp%2Fv2%2Fcategories&post=3985"},{"taxonomy":"post_tag","embeddable":true,"href":"https:\/\/www.bucjudo.fr\/index.php?rest_route=%2Fwp%2Fv2%2Ftags&post=3985"}],"curies":[{"name":"wp","href":"https:\/\/api.w.org\/{rel}","templated":true}]}}