{"id":4019,"date":"2025-01-17T16:38:52","date_gmt":"2025-01-17T15:38:52","guid":{"rendered":"https:\/\/www.bucjudo.fr\/?p=4019"},"modified":"2026-03-12T08:40:13","modified_gmt":"2026-03-12T07:40:13","slug":"invitation-coupe-de-versailles-dimanche-9-mars-2025","status":"publish","type":"post","link":"https:\/\/www.bucjudo.fr\/?p=4019","title":{"rendered":"Invitation Coupe de Versailles &#8211; Dimanche 9 Mars 2025"},"content":{"rendered":"\n<p class=\"has-text-align-center\">Le club de Versailles a le plaisir de nous inviter pour le&nbsp;<br><strong>Challenge des Jeunes Sylvain Mingasson<br>Dimanche 9 Mars 2025<br>Gymnase Montbauron<\/strong>&nbsp;<br>(attention c\u2019est le&nbsp;2e gymnase)<br>1, rue J. Boyceau&nbsp;<br>78000 VERSAILLES<\/p>\n\n\n\n<figure class=\"wp-block-table\"><table><tbody><tr><td>Cat\u00e9gories matin<\/td><td>Poids<\/td><td>Pes\u00e9e<\/td><\/tr><tr><td>Benjamins Gar\u00e7ons (2013\/14)<\/td><td>\u2013 38kg<\/td><td>9h-9h15<\/td><\/tr><tr><td>Benjamins Gar\u00e7ons (2013\/14)<\/td><td>+38kg<\/td><td>9h30-9h45<\/td><\/tr><tr><td>Poussins Gar\u00e7ons et Filles (2015\/16)<\/td><td>\u2013 30kg<\/td><td>10h-10h15<\/td><\/tr><tr><td>Poussins Gar\u00e7ons et Filles (2015\/16)<\/td><td>+ 30kg<\/td><td>10h30-10h45<\/td><\/tr><\/tbody><\/table><\/figure>\n\n\n\n<figure class=\"wp-block-table\"><table><tbody><tr><td>Cat\u00e9gories d\u2019\u00e2ges apr\u00e8s-midi<\/td><td>Poids<\/td><td>Pes\u00e9e<\/td><\/tr><tr><td>Benjamines Filles (2013\/14)<\/td><td>Tous<\/td><td>13h-13h15<\/td><\/tr><tr><td>Minimes Gar\u00e7ons et Filles (2011\/12)<\/td><td>Tous<\/td><td>13h-13h15<\/td><\/tr><tr><td>Pr\u00e9-Poussins Gar\u00e7ons et Filles (2017\/18)<\/td><td>-24kg<\/td><td>14h15-14h30<\/td><\/tr><tr><td>Pr\u00e9-Poussins Gar\u00e7ons et Filles (2017\/18)<\/td><td>+24kg<\/td><td>15h15-14h30<\/td><\/tr><\/tbody><\/table><\/figure>\n\n\n\n<p class=\"has-text-align-center\"><strong>Pr\u00e9-inscriptions<\/strong>&nbsp;:<br><a href=\"https:\/\/forms.office.com\/e\/nTacM3snK2\">https:\/\/forms.office.com\/e\/nTacM3snK2<\/a><\/p>\n\n\n\n<iframe loading=\"lazy\" width=\"640px\" height=\"480px\" src=\"https:\/\/forms.office.com\/Pages\/ResponsePage.aspx?id=LixMsBgDikCd1netbqsW4Un7C2W3nZJLnDOknS_uFUtUNDRPUTJDT0E2WVBETk41U1RMWVNJTlFTMy4u&#038;embed=true\" frameborder=\"0\" marginwidth=\"0\" marginheight=\"0\" style=\"border: none; max-width:100%; max-height:100vh\" allowfullscreen webkitallowfullscreen mozallowfullscreen msallowfullscreen> <\/iframe>\n\n\n\n<figure class=\"wp-block-image size-large is-style-default\"><a href=\"https:\/\/www.bucjudo.fr\/wp-content\/uploads\/2025\/01\/Tournoi_Versailles.png\"><img loading=\"lazy\" decoding=\"async\" width=\"725\" height=\"1024\" src=\"https:\/\/www.bucjudo.fr\/wp-content\/uploads\/2025\/01\/Tournoi_Versailles-725x1024.png\" alt=\"\" class=\"wp-image-4021\" srcset=\"https:\/\/www.bucjudo.fr\/wp-content\/uploads\/2025\/01\/Tournoi_Versailles-725x1024.png 725w, https:\/\/www.bucjudo.fr\/wp-content\/uploads\/2025\/01\/Tournoi_Versailles-212x300.png 212w, https:\/\/www.bucjudo.fr\/wp-content\/uploads\/2025\/01\/Tournoi_Versailles-768x1085.png 768w, https:\/\/www.bucjudo.fr\/wp-content\/uploads\/2025\/01\/Tournoi_Versailles.png 835w\" sizes=\"auto, (max-width: 725px) 100vw, 725px\" \/><\/a><\/figure>\n","protected":false},"excerpt":{"rendered":"<p>Le club de Versailles a le plaisir de nous inviter pour le&nbsp;Challenge des Jeunes Sylvain MingassonDimanche 9 Mars 2025Gymnase Montbauron&nbsp;(attention c\u2019est le&nbsp;2e gymnase)1, rue J. Boyceau&nbsp;78000 VERSAILLES Cat\u00e9gories matin Poids Pes\u00e9e Benjamins Gar\u00e7ons (2013\/14) \u2013 38kg 9h-9h15 Benjamins Gar\u00e7ons (2013\/14) +38kg 9h30-9h45 Poussins Gar\u00e7ons et Filles (2015\/16) \u2013 30kg 10h-10h15 Poussins Gar\u00e7ons et Filles (2015\/16)&hellip;&nbsp;<a href=\"https:\/\/www.bucjudo.fr\/?p=4019\" rel=\"bookmark\"><span class=\"screen-reader-text\">Invitation Coupe de Versailles &#8211; Dimanche 9 Mars 2025<\/span><\/a><\/p>\n","protected":false},"author":6,"featured_media":0,"comment_status":"closed","ping_status":"closed","sticky":false,"template":"","format":"standard","meta":{"_s2mail":"","neve_meta_sidebar":"","neve_meta_container":"","neve_meta_enable_content_width":"","neve_meta_content_width":0,"neve_meta_title_alignment":"","neve_meta_author_avatar":"","neve_post_elements_order":"","neve_meta_disable_header":"","neve_meta_disable_footer":"","neve_meta_disable_title":"","_themeisle_gutenberg_block_has_review":false,"footnotes":""},"categories":[12],"tags":[],"class_list":["post-4019","post","type-post","status-publish","format-standard","hentry","category-competitons"],"jetpack_featured_media_url":"","_links":{"self":[{"href":"https:\/\/www.bucjudo.fr\/index.php?rest_route=\/wp\/v2\/posts\/4019","targetHints":{"allow":["GET"]}}],"collection":[{"href":"https:\/\/www.bucjudo.fr\/index.php?rest_route=\/wp\/v2\/posts"}],"about":[{"href":"https:\/\/www.bucjudo.fr\/index.php?rest_route=\/wp\/v2\/types\/post"}],"author":[{"embeddable":true,"href":"https:\/\/www.bucjudo.fr\/index.php?rest_route=\/wp\/v2\/users\/6"}],"replies":[{"embeddable":true,"href":"https:\/\/www.bucjudo.fr\/index.php?rest_route=%2Fwp%2Fv2%2Fcomments&post=4019"}],"version-history":[{"count":2,"href":"https:\/\/www.bucjudo.fr\/index.php?rest_route=\/wp\/v2\/posts\/4019\/revisions"}],"predecessor-version":[{"id":4024,"href":"https:\/\/www.bucjudo.fr\/index.php?rest_route=\/wp\/v2\/posts\/4019\/revisions\/4024"}],"wp:attachment":[{"href":"https:\/\/www.bucjudo.fr\/index.php?rest_route=%2Fwp%2Fv2%2Fmedia&parent=4019"}],"wp:term":[{"taxonomy":"category","embeddable":true,"href":"https:\/\/www.bucjudo.fr\/index.php?rest_route=%2Fwp%2Fv2%2Fcategories&post=4019"},{"taxonomy":"post_tag","embeddable":true,"href":"https:\/\/www.bucjudo.fr\/index.php?rest_route=%2Fwp%2Fv2%2Ftags&post=4019"}],"curies":[{"name":"wp","href":"https:\/\/api.w.org\/{rel}","templated":true}]}}