{"id":4126,"date":"2025-04-07T16:30:00","date_gmt":"2025-04-07T14:30:00","guid":{"rendered":"https:\/\/www.bucjudo.fr\/?p=4126"},"modified":"2025-09-23T21:33:08","modified_gmt":"2025-09-23T19:33:08","slug":"resultats-coupe-jean-claude-marsan-aux-clayes-sous-bois","status":"publish","type":"post","link":"https:\/\/www.bucjudo.fr\/?p=4126","title":{"rendered":"R\u00e9sultats Coupe Jean-Claude MARSAN aux Clayes sous Bois"},"content":{"rendered":"\n<p>Neuf judokas bucois \u00e9taient pr\u00e9sents aujourd\u2019hui sur les tatamis des Clayes sous bois pour participer au challenge Claude Marsan. Nous remercions \u00e9galement le Club des Clayes Sous-Bois pour son amicale invitation et l\u2019organisation de cette manifestation. Notre groupe de comp\u00e9titeurs assidus confirme des beaux r\u00e9sultats une fois de plus avec 5 m\u00e9dailles d&#8217;or ! Bravo \ud83d\ude09<\/p>\n\n\n\n<figure class=\"wp-block-image size-full\"><a href=\"https:\/\/www.bucjudo.fr\/wp-content\/uploads\/2025\/04\/shared-image-4.jpg\"><img loading=\"lazy\" decoding=\"async\" width=\"800\" height=\"600\" src=\"https:\/\/www.bucjudo.fr\/wp-content\/uploads\/2025\/04\/shared-image-4.jpg\" alt=\"\" class=\"wp-image-4138\" srcset=\"https:\/\/www.bucjudo.fr\/wp-content\/uploads\/2025\/04\/shared-image-4.jpg 800w, https:\/\/www.bucjudo.fr\/wp-content\/uploads\/2025\/04\/shared-image-4-300x225.jpg 300w, https:\/\/www.bucjudo.fr\/wp-content\/uploads\/2025\/04\/shared-image-4-768x576.jpg 768w\" sizes=\"auto, (max-width: 800px) 100vw, 800px\" \/><\/a><\/figure>\n\n\n\n<p class=\"has-text-align-center\">Benjamins :<br>Bachir R 1e <br>Kahym M 2e<\/p>\n\n\n\n<p class=\"has-text-align-center\">Poussins : <br>Jinane R 1e <br>Martin T 1e <br>Rapha\u00ebl S 1e <br>Sacha L 1e <br>Orso M 2e <br>Arthur F 3e <br>Th\u00e9o L 3e<\/p>\n\n\n\n<figure class=\"wp-block-gallery has-nested-images columns-default is-cropped wp-block-gallery-1 is-layout-flex wp-block-gallery-is-layout-flex\">\n<figure class=\"wp-block-image size-large\"><a href=\"https:\/\/www.bucjudo.fr\/wp-content\/uploads\/2025\/04\/1000049010.jpg\"><img loading=\"lazy\" decoding=\"async\" width=\"768\" height=\"1024\" data-id=\"4127\" src=\"https:\/\/www.bucjudo.fr\/wp-content\/uploads\/2025\/04\/1000049010-768x1024.jpg\" alt=\"\" class=\"wp-image-4127\" srcset=\"https:\/\/www.bucjudo.fr\/wp-content\/uploads\/2025\/04\/1000049010-768x1024.jpg 768w, https:\/\/www.bucjudo.fr\/wp-content\/uploads\/2025\/04\/1000049010-225x300.jpg 225w, https:\/\/www.bucjudo.fr\/wp-content\/uploads\/2025\/04\/1000049010.jpg 1062w\" sizes=\"auto, (max-width: 768px) 100vw, 768px\" \/><\/a><\/figure>\n\n\n\n<figure class=\"wp-block-image size-large\"><a href=\"https:\/\/www.bucjudo.fr\/wp-content\/uploads\/2025\/04\/1000049019.jpg\"><img loading=\"lazy\" decoding=\"async\" width=\"768\" height=\"1024\" data-id=\"4129\" src=\"https:\/\/www.bucjudo.fr\/wp-content\/uploads\/2025\/04\/1000049019-768x1024.jpg\" alt=\"\" class=\"wp-image-4129\" srcset=\"https:\/\/www.bucjudo.fr\/wp-content\/uploads\/2025\/04\/1000049019-768x1024.jpg 768w, https:\/\/www.bucjudo.fr\/wp-content\/uploads\/2025\/04\/1000049019-225x300.jpg 225w, https:\/\/www.bucjudo.fr\/wp-content\/uploads\/2025\/04\/1000049019.jpg 1062w\" sizes=\"auto, (max-width: 768px) 100vw, 768px\" \/><\/a><\/figure>\n\n\n\n<figure class=\"wp-block-image size-large\"><a href=\"https:\/\/www.bucjudo.fr\/wp-content\/uploads\/2025\/04\/1000049021.jpg\"><img loading=\"lazy\" decoding=\"async\" width=\"768\" height=\"1024\" data-id=\"4128\" src=\"https:\/\/www.bucjudo.fr\/wp-content\/uploads\/2025\/04\/1000049021-768x1024.jpg\" alt=\"\" class=\"wp-image-4128\" srcset=\"https:\/\/www.bucjudo.fr\/wp-content\/uploads\/2025\/04\/1000049021-768x1024.jpg 768w, https:\/\/www.bucjudo.fr\/wp-content\/uploads\/2025\/04\/1000049021-225x300.jpg 225w, https:\/\/www.bucjudo.fr\/wp-content\/uploads\/2025\/04\/1000049021.jpg 1062w\" sizes=\"auto, (max-width: 768px) 100vw, 768px\" \/><\/a><\/figure>\n\n\n\n<figure class=\"wp-block-image size-large\"><a href=\"https:\/\/www.bucjudo.fr\/wp-content\/uploads\/2025\/04\/1000049007.jpg\"><img loading=\"lazy\" decoding=\"async\" width=\"768\" height=\"1024\" data-id=\"4131\" src=\"https:\/\/www.bucjudo.fr\/wp-content\/uploads\/2025\/04\/1000049007-768x1024.jpg\" alt=\"\" class=\"wp-image-4131\" srcset=\"https:\/\/www.bucjudo.fr\/wp-content\/uploads\/2025\/04\/1000049007-768x1024.jpg 768w, https:\/\/www.bucjudo.fr\/wp-content\/uploads\/2025\/04\/1000049007-225x300.jpg 225w, https:\/\/www.bucjudo.fr\/wp-content\/uploads\/2025\/04\/1000049007.jpg 1062w\" sizes=\"auto, (max-width: 768px) 100vw, 768px\" \/><\/a><\/figure>\n\n\n\n<figure class=\"wp-block-image size-large\"><a href=\"https:\/\/www.bucjudo.fr\/wp-content\/uploads\/2025\/04\/1000049008.jpg\"><img loading=\"lazy\" decoding=\"async\" width=\"768\" height=\"1024\" data-id=\"4130\" src=\"https:\/\/www.bucjudo.fr\/wp-content\/uploads\/2025\/04\/1000049008-768x1024.jpg\" alt=\"\" class=\"wp-image-4130\" srcset=\"https:\/\/www.bucjudo.fr\/wp-content\/uploads\/2025\/04\/1000049008-768x1024.jpg 768w, https:\/\/www.bucjudo.fr\/wp-content\/uploads\/2025\/04\/1000049008-225x300.jpg 225w, https:\/\/www.bucjudo.fr\/wp-content\/uploads\/2025\/04\/1000049008.jpg 1062w\" sizes=\"auto, (max-width: 768px) 100vw, 768px\" \/><\/a><\/figure>\n\n\n\n<figure class=\"wp-block-image size-large\"><a href=\"https:\/\/www.bucjudo.fr\/wp-content\/uploads\/2025\/04\/1000049012.jpg\"><img loading=\"lazy\" decoding=\"async\" width=\"768\" height=\"1024\" data-id=\"4132\" src=\"https:\/\/www.bucjudo.fr\/wp-content\/uploads\/2025\/04\/1000049012-768x1024.jpg\" alt=\"\" class=\"wp-image-4132\" srcset=\"https:\/\/www.bucjudo.fr\/wp-content\/uploads\/2025\/04\/1000049012-768x1024.jpg 768w, https:\/\/www.bucjudo.fr\/wp-content\/uploads\/2025\/04\/1000049012-225x300.jpg 225w, https:\/\/www.bucjudo.fr\/wp-content\/uploads\/2025\/04\/1000049012.jpg 1062w\" sizes=\"auto, (max-width: 768px) 100vw, 768px\" \/><\/a><\/figure>\n<\/figure>\n\n\n\n<p><\/p>\n","protected":false},"excerpt":{"rendered":"<p>Neuf judokas bucois \u00e9taient pr\u00e9sents aujourd\u2019hui sur les tatamis des Clayes sous bois pour participer au challenge Claude Marsan. Nous remercions \u00e9galement le Club des Clayes Sous-Bois pour son amicale invitation et l\u2019organisation de cette manifestation. Notre groupe de comp\u00e9titeurs assidus confirme des beaux r\u00e9sultats une fois de plus avec 5 m\u00e9dailles d&#8217;or ! Bravo&hellip;&nbsp;<a href=\"https:\/\/www.bucjudo.fr\/?p=4126\" rel=\"bookmark\"><span class=\"screen-reader-text\">R\u00e9sultats Coupe Jean-Claude MARSAN aux Clayes sous Bois<\/span><\/a><\/p>\n","protected":false},"author":6,"featured_media":4138,"comment_status":"closed","ping_status":"closed","sticky":false,"template":"","format":"standard","meta":{"_s2mail":"","neve_meta_sidebar":"","neve_meta_container":"","neve_meta_enable_content_width":"","neve_meta_content_width":0,"neve_meta_title_alignment":"","neve_meta_author_avatar":"","neve_post_elements_order":"","neve_meta_disable_header":"","neve_meta_disable_footer":"","neve_meta_disable_title":"","_themeisle_gutenberg_block_has_review":false,"footnotes":""},"categories":[12],"tags":[],"class_list":["post-4126","post","type-post","status-publish","format-standard","has-post-thumbnail","hentry","category-competitons"],"jetpack_featured_media_url":"https:\/\/www.bucjudo.fr\/wp-content\/uploads\/2025\/04\/shared-image-4.jpg","_links":{"self":[{"href":"https:\/\/www.bucjudo.fr\/index.php?rest_route=\/wp\/v2\/posts\/4126","targetHints":{"allow":["GET"]}}],"collection":[{"href":"https:\/\/www.bucjudo.fr\/index.php?rest_route=\/wp\/v2\/posts"}],"about":[{"href":"https:\/\/www.bucjudo.fr\/index.php?rest_route=\/wp\/v2\/types\/post"}],"author":[{"embeddable":true,"href":"https:\/\/www.bucjudo.fr\/index.php?rest_route=\/wp\/v2\/users\/6"}],"replies":[{"embeddable":true,"href":"https:\/\/www.bucjudo.fr\/index.php?rest_route=%2Fwp%2Fv2%2Fcomments&post=4126"}],"version-history":[{"count":4,"href":"https:\/\/www.bucjudo.fr\/index.php?rest_route=\/wp\/v2\/posts\/4126\/revisions"}],"predecessor-version":[{"id":4139,"href":"https:\/\/www.bucjudo.fr\/index.php?rest_route=\/wp\/v2\/posts\/4126\/revisions\/4139"}],"wp:featuredmedia":[{"embeddable":true,"href":"https:\/\/www.bucjudo.fr\/index.php?rest_route=\/wp\/v2\/media\/4138"}],"wp:attachment":[{"href":"https:\/\/www.bucjudo.fr\/index.php?rest_route=%2Fwp%2Fv2%2Fmedia&parent=4126"}],"wp:term":[{"taxonomy":"category","embeddable":true,"href":"https:\/\/www.bucjudo.fr\/index.php?rest_route=%2Fwp%2Fv2%2Fcategories&post=4126"},{"taxonomy":"post_tag","embeddable":true,"href":"https:\/\/www.bucjudo.fr\/index.php?rest_route=%2Fwp%2Fv2%2Ftags&post=4126"}],"curies":[{"name":"wp","href":"https:\/\/api.w.org\/{rel}","templated":true}]}}