{"id":4385,"date":"2025-12-09T22:28:50","date_gmt":"2025-12-09T21:28:50","guid":{"rendered":"https:\/\/www.bucjudo.fr\/?p=4385"},"modified":"2025-12-19T16:09:40","modified_gmt":"2025-12-19T15:09:40","slug":"tous-les-championnats-du-monde-de-judo-depuis-1956","status":"publish","type":"post","link":"https:\/\/www.bucjudo.fr\/?p=4385","title":{"rendered":"Tous les championnats du monde de judo depuis 1956"},"content":{"rendered":"\n<p class=\"has-text-align-left\">Pascal a le grand plaisir de vous\u00a0annoncer la parution de mon tout nouvel ouvrage :<br><strong>\u00ab\u00a0Tous les championnats du monde de judo depuis 1956\u00a0\u00bb<\/strong><br><br>Sur 280 pages\u00a0richement document\u00e9es, ce livre vous invite \u00e0 revivre l\u2019incroyable \u00e9pop\u00e9e des championnats du monde, depuis leur toute premi\u00e8re \u00e9dition \u00e0 Tokyo en 1956, jusqu\u2019\u00e0 aujourd\u2019hui.<br>Pr\u00e9fac\u00e9 par\u00a0<strong>Jean-Paul COCHE<\/strong>, 9\u1d49 dan et m\u00e9daill\u00e9 mondial, cet ouvrage unique rassemble :<\/p>\n\n\n\n<ul class=\"wp-block-list\">\n<li>La liste compl\u00e8te de tous les m\u00e9daill\u00e9s depuis 1956,<\/li>\n\n\n\n<li>Le classement des judokas m\u00e9daill\u00e9s par pays,<\/li>\n\n\n\n<li>Les records et statistiques les plus marquants,<\/li>\n\n\n\n<li>Les r\u00e9sultats d\u00e9taill\u00e9s des 46 \u00e9ditions, hommes et femmes confondus,<\/li>\n\n\n\n<li>Les t\u00e9moignages exclusifs de\u00a0J<strong>ean-Luc ROUG\u00c9<\/strong>\u00a0et\u00a0<strong>Jocelyne TRIADOU<\/strong>, premiers champions du monde fran\u00e7ais.<\/li>\n\n\n\n<li>Ainsi que de nombreuses anecdotes et commentaires exclusifs sur les champions qui ont marqu\u00e9 l\u2019histoire du judo.<\/li>\n<\/ul>\n\n\n\n<p>R\u00e9sultat d\u2019un travail minutieux de plus d\u2019un an et demi, ce livre s\u2019adresse \u00e0 tous ceux qui vibrent pour la performance, le d\u00e9passement de soi et les grandes figures du judo mondial. Un v\u00e9ritable ouvrage de r\u00e9f\u00e9rence pour enrichir votre culture et votre passion du judo !<\/p>\n\n\n\n<p class=\"has-text-align-center\">Prix public : 21,90 \u20ac + frais de port (3\u20ac) disponible sur &#8211;>  <a href=\"https:\/\/www.amazon.fr\/dp\/B0FVVGKZ4H\/ref=sr_1_1?crid=37G3CQ432AVDO&amp;dib=eyJ2IjoiMSJ9.ZxCFT0zz6UONW1rvMLOs9AmufeVcrxxQ4ofsa7w9Rt_GjHj071QN20LucGBJIEps.o55Csz3rUuIz01R2wHogHtV7ZFgC4lGu6_4apciq2HU&amp;dib_tag=se&amp;keywords=pascal+godot&amp;qid=1760532095&amp;sprefix=%2Caps%2C108&amp;sr=8-1\">Amazon<\/a><\/p>\n\n\n<div class=\"wp-block-image\">\n<figure class=\"aligncenter size-full\"><a href=\"https:\/\/www.bucjudo.fr\/wp-content\/uploads\/2025\/12\/Judo_Livre_Godo_monde.png\"><img loading=\"lazy\" decoding=\"async\" width=\"565\" height=\"829\" src=\"https:\/\/www.bucjudo.fr\/wp-content\/uploads\/2025\/12\/Judo_Livre_Godo_monde.png\" alt=\"\" class=\"wp-image-4387\" srcset=\"https:\/\/www.bucjudo.fr\/wp-content\/uploads\/2025\/12\/Judo_Livre_Godo_monde.png 565w, https:\/\/www.bucjudo.fr\/wp-content\/uploads\/2025\/12\/Judo_Livre_Godo_monde-204x300.png 204w\" sizes=\"auto, (max-width: 565px) 100vw, 565px\" \/><\/a><\/figure><\/div>","protected":false},"excerpt":{"rendered":"<p>Pascal a le grand plaisir de vous\u00a0annoncer la parution de mon tout nouvel ouvrage :\u00ab\u00a0Tous les championnats du monde de judo depuis 1956\u00a0\u00bb Sur 280 pages\u00a0richement document\u00e9es, ce livre vous invite \u00e0 revivre l\u2019incroyable \u00e9pop\u00e9e des championnats du monde, depuis leur toute premi\u00e8re \u00e9dition \u00e0 Tokyo en 1956, jusqu\u2019\u00e0 aujourd\u2019hui.Pr\u00e9fac\u00e9 par\u00a0Jean-Paul COCHE, 9\u1d49 dan et&hellip;&nbsp;<a href=\"https:\/\/www.bucjudo.fr\/?p=4385\" rel=\"bookmark\"><span class=\"screen-reader-text\">Tous les championnats du monde de judo depuis 1956<\/span><\/a><\/p>\n","protected":false},"author":6,"featured_media":4387,"comment_status":"closed","ping_status":"closed","sticky":false,"template":"","format":"standard","meta":{"_s2mail":"","neve_meta_sidebar":"","neve_meta_container":"","neve_meta_enable_content_width":"","neve_meta_content_width":0,"neve_meta_title_alignment":"","neve_meta_author_avatar":"","neve_post_elements_order":"","neve_meta_disable_header":"","neve_meta_disable_footer":"","neve_meta_disable_title":"","_themeisle_gutenberg_block_has_review":false,"footnotes":""},"categories":[1],"tags":[],"class_list":["post-4385","post","type-post","status-publish","format-standard","has-post-thumbnail","hentry","category-non-classe"],"jetpack_featured_media_url":"https:\/\/www.bucjudo.fr\/wp-content\/uploads\/2025\/12\/Judo_Livre_Godo_monde.png","_links":{"self":[{"href":"https:\/\/www.bucjudo.fr\/index.php?rest_route=\/wp\/v2\/posts\/4385","targetHints":{"allow":["GET"]}}],"collection":[{"href":"https:\/\/www.bucjudo.fr\/index.php?rest_route=\/wp\/v2\/posts"}],"about":[{"href":"https:\/\/www.bucjudo.fr\/index.php?rest_route=\/wp\/v2\/types\/post"}],"author":[{"embeddable":true,"href":"https:\/\/www.bucjudo.fr\/index.php?rest_route=\/wp\/v2\/users\/6"}],"replies":[{"embeddable":true,"href":"https:\/\/www.bucjudo.fr\/index.php?rest_route=%2Fwp%2Fv2%2Fcomments&post=4385"}],"version-history":[{"count":2,"href":"https:\/\/www.bucjudo.fr\/index.php?rest_route=\/wp\/v2\/posts\/4385\/revisions"}],"predecessor-version":[{"id":4388,"href":"https:\/\/www.bucjudo.fr\/index.php?rest_route=\/wp\/v2\/posts\/4385\/revisions\/4388"}],"wp:featuredmedia":[{"embeddable":true,"href":"https:\/\/www.bucjudo.fr\/index.php?rest_route=\/wp\/v2\/media\/4387"}],"wp:attachment":[{"href":"https:\/\/www.bucjudo.fr\/index.php?rest_route=%2Fwp%2Fv2%2Fmedia&parent=4385"}],"wp:term":[{"taxonomy":"category","embeddable":true,"href":"https:\/\/www.bucjudo.fr\/index.php?rest_route=%2Fwp%2Fv2%2Fcategories&post=4385"},{"taxonomy":"post_tag","embeddable":true,"href":"https:\/\/www.bucjudo.fr\/index.php?rest_route=%2Fwp%2Fv2%2Ftags&post=4385"}],"curies":[{"name":"wp","href":"https:\/\/api.w.org\/{rel}","templated":true}]}}