{"id":4431,"date":"2026-03-12T08:53:28","date_gmt":"2026-03-12T07:53:28","guid":{"rendered":"https:\/\/www.bucjudo.fr\/?p=4431"},"modified":"2026-04-02T07:50:44","modified_gmt":"2026-04-02T05:50:44","slug":"invitation-coupe-des-jeunes-versailles-marly-dimanche-22-mars-2026","status":"publish","type":"post","link":"https:\/\/www.bucjudo.fr\/?p=4431","title":{"rendered":"Invitation Coupe des Jeunes Versailles &#8211; Marly &#8211; Dimanche 22 Mars 2026"},"content":{"rendered":"\n<p class=\"has-text-align-center\">Les clubs de Versailles, Marly Le Roi et Port Marly <br>ont le plaisir de nous inviter pour le Challenge des Jeunes &#8220;Sylvain Mingasson&#8221;<br>Dimanche 22 Mars 2026<br>Gymnase du Chenil<br>Avenue Jean B\u00e9ranger<br>78870 Marly Le Roi\u00a0<br>Cat\u00e9gories concern\u00e9es : de Pr\u00e9-Poussin (2019) \u00e0 Minimes (2012)<br><br><strong>Pr\u00e9-inscriptions<\/strong>\u00a0: <a href=\"https:\/\/forms.office.com\/e\/mXqH2XWWe8\">https:\/\/forms.office.com\/e\/mXqH2XWWe8<\/a><\/p>\n\n\n\n<figure class=\"wp-block-table\"><table><tbody><tr><td>Cat\u00e9gories matin<\/td><td>Poids<\/td><td>Pes\u00e9e<\/td><\/tr><tr><td>Benjamins Gar\u00e7ons (2014\/15)<\/td><td>\u2013 38kg<\/td><td>9h-9h15<\/td><\/tr><tr><td>Benjamins Gar\u00e7ons (2014\/15)<\/td><td>+38kg<\/td><td>9h30-9h45<\/td><\/tr><tr><td>Poussins Gar\u00e7ons et Filles (2016\/17)<\/td><td>\u2013 30kg<\/td><td>10h-10h15<\/td><\/tr><tr><td>Poussins Gar\u00e7ons et Filles (2016\/17)<\/td><td>+ 30kg<\/td><td>10h30-10h45<\/td><\/tr><\/tbody><\/table><\/figure>\n\n\n\n<figure class=\"wp-block-table\"><table><tbody><tr><td>Cat\u00e9gories d\u2019\u00e2ges apr\u00e8s-midi<\/td><td>Poids<\/td><td>Pes\u00e9e<\/td><\/tr><tr><td>Benjamines Filles (2014\/15)<\/td><td>Tous<\/td><td>13h-13h15<\/td><\/tr><tr><td>Minimes Gar\u00e7ons et Filles (2012\/13)<\/td><td>Tous<\/td><td>13h-13h15<\/td><\/tr><tr><td>Pr\u00e9-Poussins Gar\u00e7ons et Filles (2018\/19)<\/td><td>-24kg<\/td><td>14h15-14h30<\/td><\/tr><tr><td>Pr\u00e9-Poussins Gar\u00e7ons et Filles (2018\/19)<\/td><td>+24kg<\/td><td>15h15-15h30<\/td><\/tr><\/tbody><\/table><\/figure>\n\n\n\n<p class=\"has-text-align-center\"><strong>Pr\u00e9-inscriptions<\/strong>\u00a0: <a href=\"https:\/\/forms.office.com\/e\/mXqH2XWWe8\">https:\/\/forms.office.com\/e\/mXqH2XWWe8<\/a><\/p>\n\n\n<div class=\"wp-block-image\">\n<figure class=\"aligncenter size-large is-resized\"><a href=\"https:\/\/www.bucjudo.fr\/wp-content\/uploads\/2026\/03\/QRCode-pour-Inscriptions-Challenge-Sylvain-MINGASSON-2.png\"><img loading=\"lazy\" decoding=\"async\" width=\"1024\" height=\"1024\" src=\"https:\/\/www.bucjudo.fr\/wp-content\/uploads\/2026\/03\/QRCode-pour-Inscriptions-Challenge-Sylvain-MINGASSON-2-1024x1024.png\" alt=\"\" class=\"wp-image-4435\" style=\"width:346px;height:auto\" srcset=\"https:\/\/www.bucjudo.fr\/wp-content\/uploads\/2026\/03\/QRCode-pour-Inscriptions-Challenge-Sylvain-MINGASSON-2-1024x1024.png 1024w, https:\/\/www.bucjudo.fr\/wp-content\/uploads\/2026\/03\/QRCode-pour-Inscriptions-Challenge-Sylvain-MINGASSON-2-300x300.png 300w, https:\/\/www.bucjudo.fr\/wp-content\/uploads\/2026\/03\/QRCode-pour-Inscriptions-Challenge-Sylvain-MINGASSON-2-150x150.png 150w, https:\/\/www.bucjudo.fr\/wp-content\/uploads\/2026\/03\/QRCode-pour-Inscriptions-Challenge-Sylvain-MINGASSON-2-768x768.png 768w, https:\/\/www.bucjudo.fr\/wp-content\/uploads\/2026\/03\/QRCode-pour-Inscriptions-Challenge-Sylvain-MINGASSON-2-1536x1536.png 1536w, https:\/\/www.bucjudo.fr\/wp-content\/uploads\/2026\/03\/QRCode-pour-Inscriptions-Challenge-Sylvain-MINGASSON-2.png 1890w\" sizes=\"auto, (max-width: 1024px) 100vw, 1024px\" \/><\/a><\/figure><\/div>\n\n\n<figure class=\"wp-block-embed\"><div class=\"wp-block-embed__wrapper\">\nhttps:\/\/forms.office.com\/e\/mXqH2XWWe8?embed=true\n<\/div><\/figure>\n\n\n\n<iframe loading=\"lazy\" width=\"640px\" height=\"480px\" src=\"https:\/\/forms.office.com\/e\/mXqH2XWWe8?embed=true\" frameborder=\"0\" marginwidth=\"0\" marginheight=\"0\" style=\"border: none; max-width:100%; max-height:100vh\" allowfullscreen webkitallowfullscreen mozallowfullscreen msallowfullscreen> <\/iframe>\n","protected":false},"excerpt":{"rendered":"<p>Les clubs de Versailles, Marly Le Roi et Port Marly ont le plaisir de nous inviter pour le Challenge des Jeunes &#8220;Sylvain Mingasson&#8221;Dimanche 22 Mars 2026Gymnase du ChenilAvenue Jean B\u00e9ranger78870 Marly Le Roi\u00a0Cat\u00e9gories concern\u00e9es : de Pr\u00e9-Poussin (2019) \u00e0 Minimes (2012) Pr\u00e9-inscriptions\u00a0: https:\/\/forms.office.com\/e\/mXqH2XWWe8 Cat\u00e9gories matin Poids Pes\u00e9e Benjamins Gar\u00e7ons (2014\/15) \u2013 38kg 9h-9h15 Benjamins Gar\u00e7ons&hellip;&nbsp;<a href=\"https:\/\/www.bucjudo.fr\/?p=4431\" rel=\"bookmark\"><span class=\"screen-reader-text\">Invitation Coupe des Jeunes Versailles &#8211; Marly &#8211; Dimanche 22 Mars 2026<\/span><\/a><\/p>\n","protected":false},"author":6,"featured_media":0,"comment_status":"closed","ping_status":"closed","sticky":false,"template":"","format":"standard","meta":{"_s2mail":"","neve_meta_sidebar":"","neve_meta_container":"","neve_meta_enable_content_width":"","neve_meta_content_width":0,"neve_meta_title_alignment":"","neve_meta_author_avatar":"","neve_post_elements_order":"","neve_meta_disable_header":"","neve_meta_disable_footer":"","neve_meta_disable_title":"","_themeisle_gutenberg_block_has_review":false,"footnotes":""},"categories":[12],"tags":[],"class_list":["post-4431","post","type-post","status-publish","format-standard","hentry","category-competitons"],"jetpack_featured_media_url":"","_links":{"self":[{"href":"https:\/\/www.bucjudo.fr\/index.php?rest_route=\/wp\/v2\/posts\/4431","targetHints":{"allow":["GET"]}}],"collection":[{"href":"https:\/\/www.bucjudo.fr\/index.php?rest_route=\/wp\/v2\/posts"}],"about":[{"href":"https:\/\/www.bucjudo.fr\/index.php?rest_route=\/wp\/v2\/types\/post"}],"author":[{"embeddable":true,"href":"https:\/\/www.bucjudo.fr\/index.php?rest_route=\/wp\/v2\/users\/6"}],"replies":[{"embeddable":true,"href":"https:\/\/www.bucjudo.fr\/index.php?rest_route=%2Fwp%2Fv2%2Fcomments&post=4431"}],"version-history":[{"count":1,"href":"https:\/\/www.bucjudo.fr\/index.php?rest_route=\/wp\/v2\/posts\/4431\/revisions"}],"predecessor-version":[{"id":4436,"href":"https:\/\/www.bucjudo.fr\/index.php?rest_route=\/wp\/v2\/posts\/4431\/revisions\/4436"}],"wp:attachment":[{"href":"https:\/\/www.bucjudo.fr\/index.php?rest_route=%2Fwp%2Fv2%2Fmedia&parent=4431"}],"wp:term":[{"taxonomy":"category","embeddable":true,"href":"https:\/\/www.bucjudo.fr\/index.php?rest_route=%2Fwp%2Fv2%2Fcategories&post=4431"},{"taxonomy":"post_tag","embeddable":true,"href":"https:\/\/www.bucjudo.fr\/index.php?rest_route=%2Fwp%2Fv2%2Ftags&post=4431"}],"curies":[{"name":"wp","href":"https:\/\/api.w.org\/{rel}","templated":true}]}}