{"id":508,"date":"2015-02-09T23:59:03","date_gmt":"2015-02-09T22:59:03","guid":{"rendered":"http:\/\/www.bucjudo.fr\/?p=508"},"modified":"2015-02-13T10:03:22","modified_gmt":"2015-02-13T09:03:22","slug":"sejour-en-allemagne-ascension-2015","status":"publish","type":"post","link":"https:\/\/www.bucjudo.fr\/?p=508","title":{"rendered":"S\u00e9jour en Allemagne, Ascension 2015"},"content":{"rendered":"<p>Bonjour,<\/p>\n<p>dans le cadre de nos rencontres Franco Allemandes, nous sommes invit\u00e9s par nos amis de Bad Schwalbach au printemps 2015.<br \/>\nCe s\u00e9jour s\u2019effectuera du 14 au 17 mai \u00e0 l&#8217;occasion de l&#8217;Ascension 2015.<\/p>\n<p>Nous vous proposons de vous pr\u00e9inscrire rapidement, le nombre de places \u00e9tant limit\u00e9 dans le bus et l&#8217;invitation \u00e9largie \u00e0 nos copains du volley ball&#8230;<br \/>\nConcernant les conditions exactes, elles vous seront pr\u00e9sent\u00e9es tr\u00e8s prochainement mais sachez que les co\u00fbts sont en g\u00e9n\u00e9ral de 50 \u00e0 100\u0080\u20ac.<br \/>\nPour les animations sur place, je vous renvoie \u00e0 nos albums photos&#8230;.<br \/>\n<a href=\"https:\/\/picasaweb.google.com\/baudouinmichel\/OuvertureBS2011?authuser=0&amp;authkey=Gv1sRgCMPOgMKY1Mr0yAE&amp;feat=embedwebsite\">Lien n\u00b01<\/a><br \/>\n<a href=\"https:\/\/picasaweb.google.com\/baudouinmichel\/BadSchwalbach2013?authkey=Gv1sRgCJXwgJnTgLvyoAE\">Line n\u00b02<\/a><\/p>\n<p>Sportivement,<br \/>\nMichel<\/p>\n","protected":false},"excerpt":{"rendered":"<p>Bonjour, dans le cadre de nos rencontres Franco Allemandes, nous sommes invit\u00e9s par nos amis de Bad Schwalbach au printemps 2015. Ce s\u00e9jour s\u2019effectuera du 14 au 17 mai \u00e0 l&#8217;occasion de l&#8217;Ascension 2015. Nous vous proposons de vous pr\u00e9inscrire rapidement, le nombre de places \u00e9tant limit\u00e9 dans le bus et l&#8217;invitation \u00e9largie \u00e0 nos&hellip;&nbsp;<a href=\"https:\/\/www.bucjudo.fr\/?p=508\" rel=\"bookmark\"><span class=\"screen-reader-text\">S\u00e9jour en Allemagne, Ascension 2015<\/span><\/a><\/p>\n","protected":false},"author":5,"featured_media":0,"comment_status":"closed","ping_status":"closed","sticky":false,"template":"","format":"standard","meta":{"_s2mail":"yes","neve_meta_sidebar":"","neve_meta_container":"","neve_meta_enable_content_width":"","neve_meta_content_width":0,"neve_meta_title_alignment":"","neve_meta_author_avatar":"","neve_post_elements_order":"","neve_meta_disable_header":"","neve_meta_disable_footer":"","neve_meta_disable_title":"","_themeisle_gutenberg_block_has_review":false,"footnotes":""},"categories":[4],"tags":[],"class_list":["post-508","post","type-post","status-publish","format-standard","hentry","category-bad-schwalbach"],"jetpack_featured_media_url":"","_links":{"self":[{"href":"https:\/\/www.bucjudo.fr\/index.php?rest_route=\/wp\/v2\/posts\/508","targetHints":{"allow":["GET"]}}],"collection":[{"href":"https:\/\/www.bucjudo.fr\/index.php?rest_route=\/wp\/v2\/posts"}],"about":[{"href":"https:\/\/www.bucjudo.fr\/index.php?rest_route=\/wp\/v2\/types\/post"}],"author":[{"embeddable":true,"href":"https:\/\/www.bucjudo.fr\/index.php?rest_route=\/wp\/v2\/users\/5"}],"replies":[{"embeddable":true,"href":"https:\/\/www.bucjudo.fr\/index.php?rest_route=%2Fwp%2Fv2%2Fcomments&post=508"}],"version-history":[{"count":3,"href":"https:\/\/www.bucjudo.fr\/index.php?rest_route=\/wp\/v2\/posts\/508\/revisions"}],"predecessor-version":[{"id":513,"href":"https:\/\/www.bucjudo.fr\/index.php?rest_route=\/wp\/v2\/posts\/508\/revisions\/513"}],"wp:attachment":[{"href":"https:\/\/www.bucjudo.fr\/index.php?rest_route=%2Fwp%2Fv2%2Fmedia&parent=508"}],"wp:term":[{"taxonomy":"category","embeddable":true,"href":"https:\/\/www.bucjudo.fr\/index.php?rest_route=%2Fwp%2Fv2%2Fcategories&post=508"},{"taxonomy":"post_tag","embeddable":true,"href":"https:\/\/www.bucjudo.fr\/index.php?rest_route=%2Fwp%2Fv2%2Ftags&post=508"}],"curies":[{"name":"wp","href":"https:\/\/api.w.org\/{rel}","templated":true}]}}